{"id":27085,"date":"2025-07-04T09:55:07","date_gmt":"2025-07-04T09:55:07","guid":{"rendered":"https:\/\/maieroffice.cat\/maieroffice-colabora-un-ano-mas-con-los-premios-de-investigacion-de-la-uvic\/"},"modified":"2025-07-04T09:58:06","modified_gmt":"2025-07-04T09:58:06","slug":"premios-investigacion-uvic-2025","status":"publish","type":"post","link":"https:\/\/maieroffice.cat\/es\/premios-investigacion-uvic-2025\/","title":{"rendered":"Maieroffice colabora un a\u00f1o m\u00e1s con los Premios de Investigaci\u00f3n de la UVic"},"content":{"rendered":"<p>El pasado mes de junio se celebr\u00f3 la 28\u00aa edici\u00f3n de los <a href=\"https:\/\/premisrecerca.uvic.cat\/\" target=\"_blank\" rel=\"noopener\">Premios UVic a los mejores trabajos de investigaci\u00f3n de bachillerato<\/a> , un certamen ya consolidado dentro del calendario educativo catal\u00e1n. Desde sus inicios, estos premios han destacado por la calidad de los trabajos presentados y su papel en el impulso del talento joven. <\/p>\n<p>En Maieroffice creemos firmemente en el poder transformador de la educaci\u00f3n y la investigaci\u00f3n. Por eso, nos enorgullece formar parte de iniciativas como \u00e9sta, donde conjuntamente con otras empresas participamos como patrocinadores. Los premios reconocen el esfuerzo y creatividad de los estudiantes y fomentan el pensamiento cr\u00edtico desde las primeras etapas de su recorrido acad\u00e9mico.  <\/p>\n<h2>El Paraninfo: un espacio excepcional<\/h2>\n<p><img fetchpriority=\"high\" decoding=\"async\" class=\"alignnone wp-image-27082 size-full\" src=\"https:\/\/maieroffice.cat\/wp-content\/uploads\/2025\/07\/lliurament-premis-de-recerca-4260.jpg\" alt=\"Vista general del paraninfo con cortinas ac\u00fasticas de Maieroffice\" width=\"800\" height=\"533\" srcset=\"https:\/\/maieroffice.cat\/wp-content\/uploads\/2025\/07\/lliurament-premis-de-recerca-4260.jpg 800w, https:\/\/maieroffice.cat\/wp-content\/uploads\/2025\/07\/lliurament-premis-de-recerca-4260-300x200.jpg 300w, https:\/\/maieroffice.cat\/wp-content\/uploads\/2025\/07\/lliurament-premis-de-recerca-4260-768x512.jpg 768w\" sizes=\"(max-width: 800px) 100vw, 800px\" \/><\/p>\n<p>El acto de entrega de los premios se celebr\u00f3 en el Paraninfo de la Universidad, un espacio \u00fanico que combina la elegancia arquitect\u00f3nica del siglo XVIII con las prestaciones t\u00e9cnicas m\u00e1s modernas. Antigua iglesia del Hospital de Santa Cruz de Vic, este entorno hist\u00f3rico ha sido recientemente rehabilitado para convertirse en un auditorio funcional con capacidad para unas 250 personas. <\/p>\n<p>Con sistemas de proyecci\u00f3n, climatizaci\u00f3n e iluminaci\u00f3n integrados, el Paraninfo se ha consolidado como referente para actos institucionales, conferencias y ceremonias acad\u00e9micas.<\/p>\n<p>Maieroffice particip\u00f3 en el proceso de rehabilitaci\u00f3n y adecuaci\u00f3n del espacio instalando <a href=\"https:\/\/maieroffice.cat\/es\/productos\/cortinas-acusticas\/\">cortinas ac\u00fasticas<\/a> para mejorar la ac\u00fastica y mobiliario est\u00e9tico y funcional.<\/p>\n<p>Desde Maieroffice, nos enorgullece haber contribuido a ello con soluciones de mobiliario que refuerzan esta combinaci\u00f3n de est\u00e9tica y funcionalidad, adaptadas a un entorno tan singular como \u00e9ste.<\/p>\n<h2>Colaboraci\u00f3n empresa-universidad<\/h2>\n<p><img decoding=\"async\" class=\"alignnone wp-image-27078 size-full\" src=\"https:\/\/maieroffice.cat\/wp-content\/uploads\/2025\/07\/lliurament-premis-de-recerca-4561.jpg\" alt=\"Fotograf\u00eda de los estudiantes premiados\" width=\"800\" height=\"533\" srcset=\"https:\/\/maieroffice.cat\/wp-content\/uploads\/2025\/07\/lliurament-premis-de-recerca-4561.jpg 800w, https:\/\/maieroffice.cat\/wp-content\/uploads\/2025\/07\/lliurament-premis-de-recerca-4561-300x200.jpg 300w, https:\/\/maieroffice.cat\/wp-content\/uploads\/2025\/07\/lliurament-premis-de-recerca-4561-768x512.jpg 768w\" sizes=\"(max-width: 800px) 100vw, 800px\" \/><\/p>\n<p>El acto, que cont\u00f3 con una gran asistencia y cobertura medi\u00e1tica, pone de manifiesto la importancia de generar s\u00f3lidos v\u00ednculos entre el tejido empresarial y el mundo educativo.<\/p>\n<p>Desde Maieroffice, reafirmamos nuestro compromiso con este tipo de proyectos y con el apoyo al conocimiento como motor de progreso.<\/p>\n","protected":false},"excerpt":{"rendered":"<p>El pasado mes de junio se celebr\u00f3 la 28\u00aa edici\u00f3n de los Premios UVic a los mejores trabajos de investigaci\u00f3n de bachillerato , un certamen ya consolidado dentro del calendario educativo catal\u00e1n. Desde sus inicios, estos premios han destacado por la calidad de los trabajos presentados y su papel en el impulso del talento joven. [&hellip;]<\/p>\n","protected":false},"author":1,"featured_media":27081,"comment_status":"open","ping_status":"open","sticky":false,"template":"","format":"standard","meta":{"site-sidebar-layout":"default","site-content-layout":"","ast-site-content-layout":"default","site-content-style":"default","site-sidebar-style":"default","ast-global-header-display":"","ast-banner-title-visibility":"","ast-main-header-display":"","ast-hfb-above-header-display":"","ast-hfb-below-header-display":"","ast-hfb-mobile-header-display":"","site-post-title":"","ast-breadcrumbs-content":"","ast-featured-img":"","footer-sml-layout":"","ast-disable-related-posts":"","theme-transparent-header-meta":"default","adv-header-id-meta":"","stick-header-meta":"","header-above-stick-meta":"","header-main-stick-meta":"","header-below-stick-meta":"","astra-migrate-meta-layouts":"default","ast-page-background-enabled":"default","ast-page-background-meta":{"desktop":{"background-color":"var(--ast-global-color-4)","background-image":"","background-repeat":"repeat","background-position":"center center","background-size":"auto","background-attachment":"scroll","background-type":"","background-media":"","overlay-type":"","overlay-color":"","overlay-opacity":"","overlay-gradient":""},"tablet":{"background-color":"","background-image":"","background-repeat":"repeat","background-position":"center center","background-size":"auto","background-attachment":"scroll","background-type":"","background-media":"","overlay-type":"","overlay-color":"","overlay-opacity":"","overlay-gradient":""},"mobile":{"background-color":"","background-image":"","background-repeat":"repeat","background-position":"center center","background-size":"auto","background-attachment":"scroll","background-type":"","background-media":"","overlay-type":"","overlay-color":"","overlay-opacity":"","overlay-gradient":""}},"ast-content-background-meta":{"desktop":{"background-color":"var(--ast-global-color-5)","background-image":"","background-repeat":"repeat","background-position":"center center","background-size":"auto","background-attachment":"scroll","background-type":"","background-media":"","overlay-type":"","overlay-color":"","overlay-opacity":"","overlay-gradient":""},"tablet":{"background-color":"var(--ast-global-color-5)","background-image":"","background-repeat":"repeat","background-position":"center center","background-size":"auto","background-attachment":"scroll","background-type":"","background-media":"","overlay-type":"","overlay-color":"","overlay-opacity":"","overlay-gradient":""},"mobile":{"background-color":"var(--ast-global-color-5)","background-image":"","background-repeat":"repeat","background-position":"center center","background-size":"auto","background-attachment":"scroll","background-type":"","background-media":"","overlay-type":"","overlay-color":"","overlay-opacity":"","overlay-gradient":""}},"footnotes":""},"categories":[443,442],"tags":[],"class_list":["post-27085","post","type-post","status-publish","format-standard","has-post-thumbnail","hentry","category-interiorismo-y-muebles","category-impresion-y-digitalizacion"],"_links":{"self":[{"href":"https:\/\/maieroffice.cat\/es\/wp-json\/wp\/v2\/posts\/27085","targetHints":{"allow":["GET"]}}],"collection":[{"href":"https:\/\/maieroffice.cat\/es\/wp-json\/wp\/v2\/posts"}],"about":[{"href":"https:\/\/maieroffice.cat\/es\/wp-json\/wp\/v2\/types\/post"}],"author":[{"embeddable":true,"href":"https:\/\/maieroffice.cat\/es\/wp-json\/wp\/v2\/users\/1"}],"replies":[{"embeddable":true,"href":"https:\/\/maieroffice.cat\/es\/wp-json\/wp\/v2\/comments?post=27085"}],"version-history":[{"count":1,"href":"https:\/\/maieroffice.cat\/es\/wp-json\/wp\/v2\/posts\/27085\/revisions"}],"predecessor-version":[{"id":27086,"href":"https:\/\/maieroffice.cat\/es\/wp-json\/wp\/v2\/posts\/27085\/revisions\/27086"}],"wp:featuredmedia":[{"embeddable":true,"href":"https:\/\/maieroffice.cat\/es\/wp-json\/wp\/v2\/media\/27081"}],"wp:attachment":[{"href":"https:\/\/maieroffice.cat\/es\/wp-json\/wp\/v2\/media?parent=27085"}],"wp:term":[{"taxonomy":"category","embeddable":true,"href":"https:\/\/maieroffice.cat\/es\/wp-json\/wp\/v2\/categories?post=27085"},{"taxonomy":"post_tag","embeddable":true,"href":"https:\/\/maieroffice.cat\/es\/wp-json\/wp\/v2\/tags?post=27085"}],"curies":[{"name":"wp","href":"https:\/\/api.w.org\/{rel}","templated":true}]}}