{"id":25724,"date":"2024-03-13T10:59:40","date_gmt":"2024-03-13T10:59:40","guid":{"rendered":"https:\/\/maieroffice.cat\/manana-de-digitalizacion-maieroffice-facilita-la-digitalizacion-de-las-empresas\/"},"modified":"2024-03-13T11:09:49","modified_gmt":"2024-03-13T11:09:49","slug":"manana-de-digitalizacion-maieroffice-facilita-la-digitalizacion-de-las-empresas","status":"publish","type":"post","link":"https:\/\/maieroffice.cat\/es\/manana-de-digitalizacion-maieroffice-facilita-la-digitalizacion-de-las-empresas\/","title":{"rendered":"Ma\u00f1ana de Digitalizaci\u00f3n: Maieroffice facilita la digitalizaci\u00f3n de las empresas"},"content":{"rendered":"\n<p>El pasado viernes 8 de marzo, m\u00e1s de 35 personas asistieron al evento \u00abMa\u00f1ana de Digitalizaci\u00f3n\u00bb, una jornada dedicada a explorar las \u00faltimas tendencias en gesti\u00f3n documental y digitalizaci\u00f3n de empresas. <\/p>\n\n<p>Con la colaboraci\u00f3n de Konica Minolta, el objetivo era ofrecer a los asistentes una visi\u00f3n integral de c\u00f3mo la digitalizaci\u00f3n puede transformar y optimizar los procesos empresariales.<\/p>\n\n<h2 class=\"wp-block-heading\">DocShare: la soluci\u00f3n de digitalizaci\u00f3n de Konica<\/h2>\n\n<p>Durante la jornada, los asistentes conocieron de primera mano las soluciones de gesti\u00f3n documental que Maieroffice y Konica Minolta ofrecemos.<\/p>\n\n<p>Con el <a href=\"https:\/\/maieroffice.cat\/es\/transformacion-digital\/gestor-documental\/\">gestor documental DocShare<\/a> , se ha acabado guardar documentos e informaci\u00f3n importante de forma desordenada y desubicada en los discos duros de cada trabajador.<\/p>\n\n<p>Todos los documentos de la empresa (presupuestos, facturas, albaranes, documentos internos&#8230;) se almacenan en la nube en formato digital. De esta forma, est\u00e1n siempre seguros, ordenados y accesibles en cualquier momento.<\/p>\n\n<h2 class=\"wp-block-heading\">Te ayudamos a implementar la digitalizaci\u00f3n de tu documentaci\u00f3n<\/h2>\n\n<p>La digitalizaci\u00f3n empresarial no es una simple tendencia, sino un cambio profundo en la forma de trabajar, haci\u00e9ndola m\u00e1s f\u00e1cil y eficiente.<\/p>\n\n<figure class=\"wp-block-gallery has-nested-images columns-default is-cropped wp-block-gallery-1 is-layout-flex wp-block-gallery-is-layout-flex\">\n<figure class=\"wp-block-image size-large\"><img fetchpriority=\"high\" decoding=\"async\" width=\"768\" height=\"1024\" data-id=\"25712\" src=\"https:\/\/maieroffice.cat\/wp-content\/uploads\/2024\/03\/mati-digitalitzacio-00004-768x1024.jpeg\" alt=\"\" class=\"wp-image-25712\" srcset=\"https:\/\/maieroffice.cat\/wp-content\/uploads\/2024\/03\/mati-digitalitzacio-00004-768x1024.jpeg 768w, https:\/\/maieroffice.cat\/wp-content\/uploads\/2024\/03\/mati-digitalitzacio-00004-225x300.jpeg 225w, https:\/\/maieroffice.cat\/wp-content\/uploads\/2024\/03\/mati-digitalitzacio-00004-1152x1536.jpeg 1152w, https:\/\/maieroffice.cat\/wp-content\/uploads\/2024\/03\/mati-digitalitzacio-00004.jpeg 1512w\" sizes=\"(max-width: 768px) 100vw, 768px\" \/><\/figure>\n\n\n\n<figure class=\"wp-block-image size-large\"><img decoding=\"async\" data-id=\"25706\" src=\"https:\/\/maieroffice.cat\/wp-content\/uploads\/2024\/03\/mati-digitalitzacio-00002-768x1024.jpeg\" alt=\"\" class=\"wp-image-25706\"><\/figure>\n\n\n\n<figure class=\"wp-block-image size-large\"><img decoding=\"async\" data-id=\"25716\" src=\"https:\/\/maieroffice.cat\/wp-content\/uploads\/2024\/03\/mati-digitalitzacio-00006-768x1024.jpeg\" alt=\"\" class=\"wp-image-25716\"><\/figure>\n\n\n\n<figure class=\"wp-block-image size-large\"><img decoding=\"async\" data-id=\"25714\" src=\"https:\/\/maieroffice.cat\/wp-content\/uploads\/2024\/03\/mati-digitalitzacio-00005-768x1024.jpeg\" alt=\"\" class=\"wp-image-25714\"><\/figure>\n<\/figure>\n\n<p>Con las soluciones tecnol\u00f3gicas proporcionadas por Maieroffice y Konica, las empresas pueden agilizar la gesti\u00f3n de sus documentos, indexarlos, clasificarlos y acceder a ellos f\u00e1cilmente desde cualquier lugar y en cualquier momento.<\/p>\n\n<p>La jornada fue un \u00e9xito. Los asistentes aprovecharon la ocasi\u00f3n para hacer preguntas y despejar dudas sobre el proceso de digitalizaci\u00f3n e implementaci\u00f3n del gestor documental DocShare.<\/p>\n\n<h2 class=\"wp-block-heading\">Sorteo de una silla AS Work<\/h2>\n\n<p>Para agradecer la asistencia a los participantes, durante el evento sorteamos una <a href=\"https:\/\/maieroffice.cat\/es\/productos\/as-work\/\">silla A+S Work<\/a> de Actiu. Se trata de una silla perfecta para cualquier espacio de trabajo. Esta innovadora silla combina los mejores sistemas de basculaci\u00f3n del mercado gracias a la patente syncro.<\/p>\n\n<figure class=\"wp-block-image size-large\"><img decoding=\"async\" width=\"768\" height=\"1024\" src=\"https:\/\/maieroffice.cat\/wp-content\/uploads\/2024\/03\/cadira-sorteig-a-s-work-actiu-768x1024.jpeg\" alt=\"\" class=\"wp-image-25718\" srcset=\"https:\/\/maieroffice.cat\/wp-content\/uploads\/2024\/03\/cadira-sorteig-a-s-work-actiu-768x1024.jpeg 768w, https:\/\/maieroffice.cat\/wp-content\/uploads\/2024\/03\/cadira-sorteig-a-s-work-actiu-225x300.jpeg 225w, https:\/\/maieroffice.cat\/wp-content\/uploads\/2024\/03\/cadira-sorteig-a-s-work-actiu-1152x1536.jpeg 1152w, https:\/\/maieroffice.cat\/wp-content\/uploads\/2024\/03\/cadira-sorteig-a-s-work-actiu.jpeg 1512w\" sizes=\"(max-width: 768px) 100vw, 768px\" \/><\/figure>\n\n<p>La \u00abMa\u00f1ana de Digitalizaci\u00f3n\u00bb ha sido una buena oportunidad para las empresas interesadas en optimizar sus procesos y digitalizar su modo de trabajar.<\/p>\n","protected":false},"excerpt":{"rendered":"<p>El pasado viernes 8 de marzo, m\u00e1s de 35 personas asistieron al evento \u00abMa\u00f1ana de Digitalizaci\u00f3n\u00bb, una jornada dedicada a explorar las \u00faltimas tendencias en gesti\u00f3n documental y digitalizaci\u00f3n de empresas. Con la colaboraci\u00f3n de Konica Minolta, el objetivo era ofrecer a los asistentes una visi\u00f3n integral de c\u00f3mo la digitalizaci\u00f3n puede transformar y optimizar [&hellip;]<\/p>\n","protected":false},"author":1,"featured_media":25709,"comment_status":"open","ping_status":"open","sticky":false,"template":"","format":"standard","meta":{"site-sidebar-layout":"default","site-content-layout":"","ast-site-content-layout":"default","site-content-style":"default","site-sidebar-style":"default","ast-global-header-display":"","ast-banner-title-visibility":"","ast-main-header-display":"","ast-hfb-above-header-display":"","ast-hfb-below-header-display":"","ast-hfb-mobile-header-display":"","site-post-title":"","ast-breadcrumbs-content":"","ast-featured-img":"","footer-sml-layout":"","ast-disable-related-posts":"","theme-transparent-header-meta":"","adv-header-id-meta":"","stick-header-meta":"","header-above-stick-meta":"","header-main-stick-meta":"","header-below-stick-meta":"","astra-migrate-meta-layouts":"default","ast-page-background-enabled":"default","ast-page-background-meta":{"desktop":{"background-color":"var(--ast-global-color-4)","background-image":"","background-repeat":"repeat","background-position":"center center","background-size":"auto","background-attachment":"scroll","background-type":"","background-media":"","overlay-type":"","overlay-color":"","overlay-opacity":"","overlay-gradient":""},"tablet":{"background-color":"","background-image":"","background-repeat":"repeat","background-position":"center center","background-size":"auto","background-attachment":"scroll","background-type":"","background-media":"","overlay-type":"","overlay-color":"","overlay-opacity":"","overlay-gradient":""},"mobile":{"background-color":"","background-image":"","background-repeat":"repeat","background-position":"center center","background-size":"auto","background-attachment":"scroll","background-type":"","background-media":"","overlay-type":"","overlay-color":"","overlay-opacity":"","overlay-gradient":""}},"ast-content-background-meta":{"desktop":{"background-color":"var(--ast-global-color-5)","background-image":"","background-repeat":"repeat","background-position":"center center","background-size":"auto","background-attachment":"scroll","background-type":"","background-media":"","overlay-type":"","overlay-color":"","overlay-opacity":"","overlay-gradient":""},"tablet":{"background-color":"var(--ast-global-color-5)","background-image":"","background-repeat":"repeat","background-position":"center center","background-size":"auto","background-attachment":"scroll","background-type":"","background-media":"","overlay-type":"","overlay-color":"","overlay-opacity":"","overlay-gradient":""},"mobile":{"background-color":"var(--ast-global-color-5)","background-image":"","background-repeat":"repeat","background-position":"center center","background-size":"auto","background-attachment":"scroll","background-type":"","background-media":"","overlay-type":"","overlay-color":"","overlay-opacity":"","overlay-gradient":""}},"footnotes":""},"categories":[442,443],"tags":[],"class_list":["post-25724","post","type-post","status-publish","format-standard","has-post-thumbnail","hentry","category-impresion-y-digitalizacion","category-interiorismo-y-muebles"],"_links":{"self":[{"href":"https:\/\/maieroffice.cat\/es\/wp-json\/wp\/v2\/posts\/25724","targetHints":{"allow":["GET"]}}],"collection":[{"href":"https:\/\/maieroffice.cat\/es\/wp-json\/wp\/v2\/posts"}],"about":[{"href":"https:\/\/maieroffice.cat\/es\/wp-json\/wp\/v2\/types\/post"}],"author":[{"embeddable":true,"href":"https:\/\/maieroffice.cat\/es\/wp-json\/wp\/v2\/users\/1"}],"replies":[{"embeddable":true,"href":"https:\/\/maieroffice.cat\/es\/wp-json\/wp\/v2\/comments?post=25724"}],"version-history":[{"count":1,"href":"https:\/\/maieroffice.cat\/es\/wp-json\/wp\/v2\/posts\/25724\/revisions"}],"predecessor-version":[{"id":25725,"href":"https:\/\/maieroffice.cat\/es\/wp-json\/wp\/v2\/posts\/25724\/revisions\/25725"}],"wp:featuredmedia":[{"embeddable":true,"href":"https:\/\/maieroffice.cat\/es\/wp-json\/wp\/v2\/media\/25709"}],"wp:attachment":[{"href":"https:\/\/maieroffice.cat\/es\/wp-json\/wp\/v2\/media?parent=25724"}],"wp:term":[{"taxonomy":"category","embeddable":true,"href":"https:\/\/maieroffice.cat\/es\/wp-json\/wp\/v2\/categories?post=25724"},{"taxonomy":"post_tag","embeddable":true,"href":"https:\/\/maieroffice.cat\/es\/wp-json\/wp\/v2\/tags?post=25724"}],"curies":[{"name":"wp","href":"https:\/\/api.w.org\/{rel}","templated":true}]}}