{"id":25047,"date":"2023-11-22T08:36:30","date_gmt":"2023-11-22T08:36:30","guid":{"rendered":"https:\/\/maieroffice.cat\/baja-el-volumen-aumenta-el-rendimiento\/"},"modified":"2023-11-22T08:44:28","modified_gmt":"2023-11-22T08:44:28","slug":"baja-el-volumen-aumenta-el-rendimiento","status":"publish","type":"post","link":"https:\/\/maieroffice.cat\/es\/baja-el-volumen-aumenta-el-rendimiento\/","title":{"rendered":"Baja el volumen, aumenta el rendimiento"},"content":{"rendered":"\n<p>En un mundo laboral en el que las oficinas son cada vez m\u00e1s abiertas y colaborativas, las necesidades de privacidad y concentraci\u00f3n se han convertido en un reto para muchas empresas. <\/p>\n\n<p>Por eso en Maieroffice apostamos por la instalaci\u00f3n de cabinas ac\u00fasticas como una soluci\u00f3n innovadora, pr\u00e1ctica, f\u00e1cil y r\u00e1pida de instalar.<\/p>\n\n<h2 class=\"wp-block-heading\">Nuevas cabinas ac\u00fasticas QYOS de Actiu<\/h2>\n\n<p>Las <a href=\"https:\/\/maieroffice.cat\/mobiliari\/cabines-insonoritzades\/\">cabinas QYOS de Actiu<\/a> son la soluci\u00f3n perfecta para esta nueva necesidad en la oficina.<\/p>\n\n<p>Ofrecen un aislamiento ac\u00fastico excepcional, permitiendo a los trabajadores disfrutar de un entorno tranquilo y privado. Ya sea para realizar llamadas importantes, concentrarse en tareas complejas o simplemente encontrar momentos de silencio, estas cabinas ofrecen la comodidad y privacidad necesarias.<\/p>\n\n<figure class=\"wp-block-gallery has-nested-images columns-default is-cropped wp-block-gallery-1 is-layout-flex wp-block-gallery-is-layout-flex\">\n<figure class=\"wp-block-image size-large\"><a href=\"https:\/\/maieroffice.cat\/wp-content\/uploads\/2023\/11\/cabinas-QYOS-1.jpg\"><img fetchpriority=\"high\" decoding=\"async\" width=\"794\" height=\"720\" data-id=\"25040\" src=\"https:\/\/maieroffice.cat\/wp-content\/uploads\/2023\/11\/cabinas-QYOS-1.jpg\" alt=\"\" class=\"wp-image-25040\" srcset=\"https:\/\/maieroffice.cat\/wp-content\/uploads\/2023\/11\/cabinas-QYOS-1.jpg 794w, https:\/\/maieroffice.cat\/wp-content\/uploads\/2023\/11\/cabinas-QYOS-1-300x272.jpg 300w, https:\/\/maieroffice.cat\/wp-content\/uploads\/2023\/11\/cabinas-QYOS-1-768x696.jpg 768w\" sizes=\"(max-width: 794px) 100vw, 794px\" \/><\/a><\/figure>\n\n\n\n<figure class=\"wp-block-image size-large\"><a href=\"https:\/\/maieroffice.cat\/wp-content\/uploads\/2023\/11\/cabinas-QYOS-2.jpg\"><img decoding=\"async\" width=\"794\" height=\"720\" data-id=\"25038\" src=\"https:\/\/maieroffice.cat\/wp-content\/uploads\/2023\/11\/cabinas-QYOS-2.jpg\" alt=\"\" class=\"wp-image-25038\" srcset=\"https:\/\/maieroffice.cat\/wp-content\/uploads\/2023\/11\/cabinas-QYOS-2.jpg 794w, https:\/\/maieroffice.cat\/wp-content\/uploads\/2023\/11\/cabinas-QYOS-2-300x272.jpg 300w, https:\/\/maieroffice.cat\/wp-content\/uploads\/2023\/11\/cabinas-QYOS-2-768x696.jpg 768w\" sizes=\"(max-width: 794px) 100vw, 794px\" \/><\/a><\/figure>\n<\/figure>\n\n<p>Se pueden instalar sin necesidad de realizar obras. Las paredes de cristal, la ventilaci\u00f3n, la conectividad y la iluminaci\u00f3n LED contribuyen a crear un espacio de trabajo \u00f3ptimo y moderno.<\/p>\n\n<h2 class=\"wp-block-heading\">\u00bfQuieres probarlas? <br\/>Ven a nuestra oficina para descubrirlas.<\/h2>\n\n<p>Para todos aquellos interesados a descubrir las ventajas de las cabinas ac\u00fasticas QYOS, les invitamos a visitar nuestras oficinas para probarlas en primera persona.<\/p>\n\n<p>Solicite d\u00eda y hora <a href=\"https:\/\/maieroffice.cat\/es\/contactar\/\" data-type=\"link\" data-id=\"https:\/\/maieroffice.cat\/contactar\/\">contactando con nosotros<\/a> .<\/p>\n","protected":false},"excerpt":{"rendered":"<p>En un mundo laboral en el que las oficinas son cada vez m\u00e1s abiertas y colaborativas, las necesidades de privacidad y concentraci\u00f3n se han convertido en un reto para muchas empresas. Por eso en Maieroffice apostamos por la instalaci\u00f3n de cabinas ac\u00fasticas como una soluci\u00f3n innovadora, pr\u00e1ctica, f\u00e1cil y r\u00e1pida de instalar. Nuevas cabinas ac\u00fasticas [&hellip;]<\/p>\n","protected":false},"author":1,"featured_media":25037,"comment_status":"open","ping_status":"open","sticky":false,"template":"","format":"standard","meta":{"site-sidebar-layout":"default","site-content-layout":"","ast-site-content-layout":"default","site-content-style":"default","site-sidebar-style":"default","ast-global-header-display":"","ast-banner-title-visibility":"","ast-main-header-display":"","ast-hfb-above-header-display":"","ast-hfb-below-header-display":"","ast-hfb-mobile-header-display":"","site-post-title":"","ast-breadcrumbs-content":"","ast-featured-img":"","footer-sml-layout":"","ast-disable-related-posts":"","theme-transparent-header-meta":"","adv-header-id-meta":"","stick-header-meta":"","header-above-stick-meta":"","header-main-stick-meta":"","header-below-stick-meta":"","astra-migrate-meta-layouts":"default","ast-page-background-enabled":"default","ast-page-background-meta":{"desktop":{"background-color":"var(--ast-global-color-4)","background-image":"","background-repeat":"repeat","background-position":"center center","background-size":"auto","background-attachment":"scroll","background-type":"","background-media":"","overlay-type":"","overlay-color":"","overlay-opacity":"","overlay-gradient":""},"tablet":{"background-color":"","background-image":"","background-repeat":"repeat","background-position":"center center","background-size":"auto","background-attachment":"scroll","background-type":"","background-media":"","overlay-type":"","overlay-color":"","overlay-opacity":"","overlay-gradient":""},"mobile":{"background-color":"","background-image":"","background-repeat":"repeat","background-position":"center center","background-size":"auto","background-attachment":"scroll","background-type":"","background-media":"","overlay-type":"","overlay-color":"","overlay-opacity":"","overlay-gradient":""}},"ast-content-background-meta":{"desktop":{"background-color":"var(--ast-global-color-5)","background-image":"","background-repeat":"repeat","background-position":"center center","background-size":"auto","background-attachment":"scroll","background-type":"","background-media":"","overlay-type":"","overlay-color":"","overlay-opacity":"","overlay-gradient":""},"tablet":{"background-color":"var(--ast-global-color-5)","background-image":"","background-repeat":"repeat","background-position":"center center","background-size":"auto","background-attachment":"scroll","background-type":"","background-media":"","overlay-type":"","overlay-color":"","overlay-opacity":"","overlay-gradient":""},"mobile":{"background-color":"var(--ast-global-color-5)","background-image":"","background-repeat":"repeat","background-position":"center center","background-size":"auto","background-attachment":"scroll","background-type":"","background-media":"","overlay-type":"","overlay-color":"","overlay-opacity":"","overlay-gradient":""}},"footnotes":""},"categories":[443],"tags":[],"class_list":["post-25047","post","type-post","status-publish","format-standard","has-post-thumbnail","hentry","category-interiorismo-y-muebles"],"_links":{"self":[{"href":"https:\/\/maieroffice.cat\/es\/wp-json\/wp\/v2\/posts\/25047","targetHints":{"allow":["GET"]}}],"collection":[{"href":"https:\/\/maieroffice.cat\/es\/wp-json\/wp\/v2\/posts"}],"about":[{"href":"https:\/\/maieroffice.cat\/es\/wp-json\/wp\/v2\/types\/post"}],"author":[{"embeddable":true,"href":"https:\/\/maieroffice.cat\/es\/wp-json\/wp\/v2\/users\/1"}],"replies":[{"embeddable":true,"href":"https:\/\/maieroffice.cat\/es\/wp-json\/wp\/v2\/comments?post=25047"}],"version-history":[{"count":3,"href":"https:\/\/maieroffice.cat\/es\/wp-json\/wp\/v2\/posts\/25047\/revisions"}],"predecessor-version":[{"id":25051,"href":"https:\/\/maieroffice.cat\/es\/wp-json\/wp\/v2\/posts\/25047\/revisions\/25051"}],"wp:featuredmedia":[{"embeddable":true,"href":"https:\/\/maieroffice.cat\/es\/wp-json\/wp\/v2\/media\/25037"}],"wp:attachment":[{"href":"https:\/\/maieroffice.cat\/es\/wp-json\/wp\/v2\/media?parent=25047"}],"wp:term":[{"taxonomy":"category","embeddable":true,"href":"https:\/\/maieroffice.cat\/es\/wp-json\/wp\/v2\/categories?post=25047"},{"taxonomy":"post_tag","embeddable":true,"href":"https:\/\/maieroffice.cat\/es\/wp-json\/wp\/v2\/tags?post=25047"}],"curies":[{"name":"wp","href":"https:\/\/api.w.org\/{rel}","templated":true}]}}