{"id":25006,"date":"2023-11-09T16:22:47","date_gmt":"2023-11-09T16:22:47","guid":{"rendered":"https:\/\/maieroffice.cat\/la-teoria-de-las-botas-nos-ayuda-a-escoger-una-mejor-silla-para-la-oficina\/"},"modified":"2023-11-09T16:38:22","modified_gmt":"2023-11-09T16:38:22","slug":"teoria-botas-silla-oficina","status":"publish","type":"post","link":"https:\/\/maieroffice.cat\/es\/teoria-botas-silla-oficina\/","title":{"rendered":"La teor\u00eda de las botas nos ayuda a escoger una silla mejor para la oficina"},"content":{"rendered":"\n<p>Todos lo sabemos. Comprar productos de mala calidad termina saliendo m\u00e1s caro. Tanto para nuestro bolsillo como para el medio ambiente.<\/p>\n\n<h2 class=\"wp-block-heading\">\u00bfConoces la teor\u00eda de las botas?<\/h2>\n\n<p>La teor\u00eda de las botas es una interesante explicaci\u00f3n socioecon\u00f3mica sobre la pobreza, descrita por el personaje Sam Vimes en la serie de novelas Mundodisco de Terry Pratchett. <\/p>\n\n<p>Seg\u00fan Vimes, la riqueza se debe en gran medida a la habilidad de gastar menos dinero. El ejemplo que utiliza son las botas: un hombre rico puede permitirse gastar 100\u20ac en un par de botas de calidad que le durar\u00e1n 10 a\u00f1os y que, adem\u00e1s le mantendr\u00e1n los pies secos. En cambio, un hombre pobre s\u00f3lo puede permitirse unas botas baratas de 20\u20ac que deber\u00e1 reemplazar cada a\u00f1o, gastando un total de 200\u20ac en el mismo per\u00edodo de tiempo y teniendo cada a\u00f1o los pies mojados por la mala calidad de las botas.<\/p>\n\n<h2 class=\"wp-block-heading\">La teor\u00eda de las botas y la sociedad actual<\/h2>\n\n<p>Este concepto de la teor\u00eda de las botas ha adquirido relevancia en la sociedad actual, especialmente debido a la econom\u00eda del consumo que nos impulsa constantemente a adquirir m\u00e1s y m\u00e1s productos de uso r\u00e1pido o de mala calidad. El resultado final es que generamos toneladas de basura que da\u00f1an nuestro planeta, y que, como el hombre pobre de la teor\u00eda de las botas, perdemos dinero en el proceso.<\/p>\n\n<h2 class=\"wp-block-heading\">La teor\u00eda de las botas aplicada en las sillas de oficina<\/h2>\n\n<p>La misma idea de la teor\u00eda de las botas podemos aplicarla a las <a href=\"https:\/\/maieroffice.cat\/es\/mobiliario\/sillas-oficina-ergonomicas\/\">sillas de oficina<\/a>.<\/p>\n\n<p>Existen muchas sillas de oficina en el mercado, de varias marcas y con un gran abanico de precios. Fabricadas en Europa o fabricadas en Asia con condiciones laborales, sociales y respeto del medio ambiente dudosas. Haciendo una b\u00fasqueda r\u00e1pida en internet encontramos sillas de oficina con ofertas tan irrisorias como 59,99 \u20ac. <\/p>\n\n<p>\u00bfPero cu\u00e1nto tiempo nos durar\u00e1 una de esas sillas?<\/p>\n\n<p>\u00bfQu\u00e9 afectos adversos puede tener para nuestra salud una silla supuestamente ergon\u00f3mica sin homologar?<\/p>\n\n<p>\u00bfHabr\u00e1 que cambiarla dentro de pocos a\u00f1os para comprar otra?<\/p>\n\n<p>Si hemos entendido la teor\u00eda de las botas de Sam Vimes, ya tenemos las respuestas a todas estas preguntas.<\/p>\n\n<h2 class=\"wp-block-heading\">Sillas de oficina de calidad<\/h2>\n\n<p>En Maieroffice llevamos m\u00e1s de 30 a\u00f1os equipando oficinas en Catalunya. Uno de los elementos impresindible en cualquier oficina son las sillas. Siempre hemos optado por elegir productos de calidad y asesorar a nuestros clientes para escoger sillas duraderas y respetuosas con la salud y el medio ambiente.<\/p>\n\n<p>Contamos con clientes que siguen utilizando sillas que les instalamos hace m\u00e1s de 25 a\u00f1os y que siguen funcionando perfectamente. \u00a1No les hemos tenido que cambiar ni una rueda!<\/p>\n\n<p>Viendo esto, la perspectiva de si una silla es cara o no observando s\u00f3lo el precio y no su durabilidad, cambia.<\/p>\n\n<h2 class=\"wp-block-heading\">Sillas de oficina con 25 a\u00f1os de garant\u00eda. \u00bfEs posible?<\/h2>\n\n<p><strong><u class=\"\"><\/u><\/strong><\/p>\n\n<p><strong><u class=\"\"><\/u><\/strong>Este verano la casa Steelcase, uno de nuestros proveedores, ha anunciado que ofrece una grantia de 25 a\u00f1os en su silla ergon\u00f3mica Gesture. \u00a1Toda una declaraci\u00f3n de intenciones! Y nosotros, por experiencia, decimos que s\u00ed es posible.<\/p>\n","protected":false},"excerpt":{"rendered":"<p>Todos lo sabemos. Comprar productos de mala calidad termina saliendo m\u00e1s caro. Tanto para nuestro bolsillo como para el medio ambiente. \u00bfConoces la teor\u00eda de las botas? La teor\u00eda de las botas es una interesante explicaci\u00f3n socioecon\u00f3mica sobre la pobreza, descrita por el personaje Sam Vimes en la serie de novelas Mundodisco de Terry Pratchett. [&hellip;]<\/p>\n","protected":false},"author":1,"featured_media":25004,"comment_status":"open","ping_status":"open","sticky":false,"template":"","format":"standard","meta":{"site-sidebar-layout":"default","site-content-layout":"","ast-site-content-layout":"default","site-content-style":"default","site-sidebar-style":"default","ast-global-header-display":"","ast-banner-title-visibility":"","ast-main-header-display":"","ast-hfb-above-header-display":"","ast-hfb-below-header-display":"","ast-hfb-mobile-header-display":"","site-post-title":"","ast-breadcrumbs-content":"","ast-featured-img":"","footer-sml-layout":"","ast-disable-related-posts":"","theme-transparent-header-meta":"","adv-header-id-meta":"","stick-header-meta":"","header-above-stick-meta":"","header-main-stick-meta":"","header-below-stick-meta":"","astra-migrate-meta-layouts":"default","ast-page-background-enabled":"default","ast-page-background-meta":{"desktop":{"background-color":"var(--ast-global-color-4)","background-image":"","background-repeat":"repeat","background-position":"center center","background-size":"auto","background-attachment":"scroll","background-type":"","background-media":"","overlay-type":"","overlay-color":"","overlay-opacity":"","overlay-gradient":""},"tablet":{"background-color":"","background-image":"","background-repeat":"repeat","background-position":"center center","background-size":"auto","background-attachment":"scroll","background-type":"","background-media":"","overlay-type":"","overlay-color":"","overlay-opacity":"","overlay-gradient":""},"mobile":{"background-color":"","background-image":"","background-repeat":"repeat","background-position":"center center","background-size":"auto","background-attachment":"scroll","background-type":"","background-media":"","overlay-type":"","overlay-color":"","overlay-opacity":"","overlay-gradient":""}},"ast-content-background-meta":{"desktop":{"background-color":"var(--ast-global-color-5)","background-image":"","background-repeat":"repeat","background-position":"center center","background-size":"auto","background-attachment":"scroll","background-type":"","background-media":"","overlay-type":"","overlay-color":"","overlay-opacity":"","overlay-gradient":""},"tablet":{"background-color":"var(--ast-global-color-5)","background-image":"","background-repeat":"repeat","background-position":"center center","background-size":"auto","background-attachment":"scroll","background-type":"","background-media":"","overlay-type":"","overlay-color":"","overlay-opacity":"","overlay-gradient":""},"mobile":{"background-color":"var(--ast-global-color-5)","background-image":"","background-repeat":"repeat","background-position":"center center","background-size":"auto","background-attachment":"scroll","background-type":"","background-media":"","overlay-type":"","overlay-color":"","overlay-opacity":"","overlay-gradient":""}},"footnotes":""},"categories":[443],"tags":[],"class_list":["post-25006","post","type-post","status-publish","format-standard","has-post-thumbnail","hentry","category-interiorismo-y-muebles"],"_links":{"self":[{"href":"https:\/\/maieroffice.cat\/es\/wp-json\/wp\/v2\/posts\/25006","targetHints":{"allow":["GET"]}}],"collection":[{"href":"https:\/\/maieroffice.cat\/es\/wp-json\/wp\/v2\/posts"}],"about":[{"href":"https:\/\/maieroffice.cat\/es\/wp-json\/wp\/v2\/types\/post"}],"author":[{"embeddable":true,"href":"https:\/\/maieroffice.cat\/es\/wp-json\/wp\/v2\/users\/1"}],"replies":[{"embeddable":true,"href":"https:\/\/maieroffice.cat\/es\/wp-json\/wp\/v2\/comments?post=25006"}],"version-history":[{"count":7,"href":"https:\/\/maieroffice.cat\/es\/wp-json\/wp\/v2\/posts\/25006\/revisions"}],"predecessor-version":[{"id":25015,"href":"https:\/\/maieroffice.cat\/es\/wp-json\/wp\/v2\/posts\/25006\/revisions\/25015"}],"wp:featuredmedia":[{"embeddable":true,"href":"https:\/\/maieroffice.cat\/es\/wp-json\/wp\/v2\/media\/25004"}],"wp:attachment":[{"href":"https:\/\/maieroffice.cat\/es\/wp-json\/wp\/v2\/media?parent=25006"}],"wp:term":[{"taxonomy":"category","embeddable":true,"href":"https:\/\/maieroffice.cat\/es\/wp-json\/wp\/v2\/categories?post=25006"},{"taxonomy":"post_tag","embeddable":true,"href":"https:\/\/maieroffice.cat\/es\/wp-json\/wp\/v2\/tags?post=25006"}],"curies":[{"name":"wp","href":"https:\/\/api.w.org\/{rel}","templated":true}]}}