{"id":23620,"date":"2023-02-22T12:16:36","date_gmt":"2023-02-22T12:16:36","guid":{"rendered":"https:\/\/maieroffice.cat\/viaje-a-milan-para-conocer-de-primera-mano-las-innovaciones-en-mobiliario-y-soluciones-acusticas-de-caimi\/"},"modified":"2023-05-03T12:26:39","modified_gmt":"2023-05-03T12:26:39","slug":"viaje-a-milan-para-conocer-de-primera-mano-las-innovaciones-en-mobiliario-y-soluciones-acusticas-de-caimi","status":"publish","type":"post","link":"https:\/\/maieroffice.cat\/es\/viaje-a-milan-para-conocer-de-primera-mano-las-innovaciones-en-mobiliario-y-soluciones-acusticas-de-caimi\/","title":{"rendered":"Viaje a Mil\u00e1n para conocer de primera mano las innovaciones en mobiliario y soluciones ac\u00fasticas de Caimi"},"content":{"rendered":"\n<p>Queremos que ser cliente de Maieroffice sea sin\u00f3nimo de tener siempre a su alcance las \u00faltimas innovaciones en productos para la oficina.<\/p>\n\n<p>En estos \u00faltimos a\u00f1os, una de estas innovaciones son las soluciones fonoabsorbentes que mejoran el confort ac\u00fastico en la oficina.<\/p>\n\n<p>En nuestro esfuerzo por seguir las \u00faltimas tendencias, nuestro equipo de interiorismo ha visitado la sede de la empresa italiana <a href=\"https:\/\/maieroffice.cat\/es\/marcas\/caimi-barcelona\/\" data-type=\"URL\" data-id=\"https:\/\/maieroffice.cat\/es\/marcas\/caimi-barcelona\/\">Caimi<\/a>, en Mil\u00e1n.<\/p>\n\n<p><\/p>\n\n<h2 class=\"wp-block-heading\">\u00bfQu\u00e9 tienen que ver la pandemia y los paneles fonoabsorbentes?<\/h2>\n\n<p>La pandemia ha tra\u00eddo muchos cambios y algunos de ellos han llegado para quedarse. Uno de estos cambios es el uso de paneles fonoabsorbentes en la oficina. Las videoconferencias ya son una realidad del d\u00eda a d\u00eda del trabajo en la oficina, y han puesto de relieve las deficiencias ac\u00fasticas de muchos espacios. Nada es peor que intentar mantener una reuni\u00f3n por videoconferencia con deficiencias de sonido y reverberaci\u00f3n.<\/p>\n\n<h2 class=\"wp-block-heading\">Caimi: innovaci\u00f3n y ciencia para el confort ac\u00fastico en la oficina<\/h2>\n\n<p>Caimi es una empresa italiana fundada en 1949 dedicada al dise\u00f1o y fabricaci\u00f3n de productos de interiorismo y complementos para oficinas, contract y hogar.<\/p>\n\n<p>En los \u00faltimos a\u00f1os ha centrado gran parte de su negocio en los paneles ac\u00fasticos y las soluciones de muebles con propiedades fonoabsorbentes. La colecci\u00f3n Snowsound es el resultado de sus investigaciones cient\u00edficas y tecnol\u00f3gicas en el \u00e1mbito del bienestar ac\u00fastico, inventando materiales y soluciones para reducir su reverberaci\u00f3n en la oficina.<\/p>\n\n<figure class=\"wp-block-image size-full\"><img fetchpriority=\"high\" decoding=\"async\" width=\"1000\" height=\"750\" src=\"https:\/\/maieroffice.cat\/wp-content\/uploads\/2023\/02\/IMG_2988.jpg\" alt=\"\" class=\"wp-image-23592\" srcset=\"https:\/\/maieroffice.cat\/wp-content\/uploads\/2023\/02\/IMG_2988.jpg 1000w, https:\/\/maieroffice.cat\/wp-content\/uploads\/2023\/02\/IMG_2988-300x225.jpg 300w, https:\/\/maieroffice.cat\/wp-content\/uploads\/2023\/02\/IMG_2988-768x576.jpg 768w\" sizes=\"(max-width: 1000px) 100vw, 1000px\" \/><\/figure>\n\n<p>Caimi dispone de una sala reverberante y una semianecoica (casi \u00fanica en Europa) donde realizar experimentos y testear sus productos.<\/p>\n\n<p>La sala semianecoica est\u00e1 dise\u00f1ada para absorber todos los rebotes provocados por las ondas ac\u00fasticas en todas las superficies que la configuran (suelo, techo y paredes).<\/p>\n\n<p><\/p>\n\n<figure class=\"wp-block-image size-full\"><img decoding=\"async\" width=\"1000\" height=\"750\" src=\"https:\/\/maieroffice.cat\/wp-content\/uploads\/2023\/02\/IMG_2949.jpg\" alt=\"\" class=\"wp-image-23590\" srcset=\"https:\/\/maieroffice.cat\/wp-content\/uploads\/2023\/02\/IMG_2949.jpg 1000w, https:\/\/maieroffice.cat\/wp-content\/uploads\/2023\/02\/IMG_2949-300x225.jpg 300w, https:\/\/maieroffice.cat\/wp-content\/uploads\/2023\/02\/IMG_2949-768x576.jpg 768w\" sizes=\"(max-width: 1000px) 100vw, 1000px\" \/><\/figure>\n\n<p>La sala reverberante es justo lo contrario. Una sala en la que paredes y techo tienen varias inclinaciones para aumentar de forma exagerada la reverberaci\u00f3n del espacio.<\/p>\n\n<p>Tuvimos la oportunidad de estar en las dos salas y comprobar las propiedades de los productos de Caimi.<\/p>\n\n<h2 class=\"wp-block-heading\">\u00bfQu\u00e9 productos fabrica Caimi?<\/h2>\n\n<p>\u00c9stas son las soluciones de Caimi para aumentar el confort ac\u00fastico de la oficina.<\/p>\n\n<h3 class=\"wp-block-heading\">Cortinas ac\u00fasticas<\/h3>\n\n<figure class=\"wp-block-image size-full is-resized\"><img decoding=\"async\" src=\"https:\/\/maieroffice.cat\/wp-content\/uploads\/2023\/02\/IMG_2993.jpg\" alt=\"\" class=\"wp-image-23594\" width=\"750\" height=\"1000\" srcset=\"https:\/\/maieroffice.cat\/wp-content\/uploads\/2023\/02\/IMG_2993.jpg 750w, https:\/\/maieroffice.cat\/wp-content\/uploads\/2023\/02\/IMG_2993-225x300.jpg 225w\" sizes=\"(max-width: 750px) 100vw, 750px\" \/><\/figure>\n\n<p>Es el producto m\u00e1s destacable y tecnol\u00f3gicamente avanzado. Las cortinas han sido siempre un recurso f\u00e1cil para mejorar la ac\u00fastica de cualquier espacio, pero las de Caimi se diferencian de las convencionales porque est\u00e1n pensadas justamente para cumplir esta funci\u00f3n. El dise\u00f1o del tejido de las <a href=\"https:\/\/maieroffice.cat\/es\/productos\/clasp-divider\/\">cortinas ac\u00fasticas<\/a> est\u00e1 estudiado para absorber el sonido y ser un elemento antireberberante muy eficiente.<\/p>\n\n<p>La obra m\u00e1s grande hecha en Europa con cortinas de Caimi es la que hemos realizado nosotros en el nuevo paraninfo de la Universitat de Vic, con la instalaci\u00f3n de 10 cortinas, algunas de ellas de m\u00e1s de 7 metros de altura.<\/p>\n\n<h3 class=\"wp-block-heading\">Paneles fonoabsorbentes<\/h3>\n\n<p>Con distintas formas, colores y dise\u00f1os, los <a href=\"https:\/\/maieroffice.cat\/es\/mobiliario\/acustica-paneles-acusticos\/\">paneles ac\u00fasticos<\/a> son una soluci\u00f3n f\u00e1cil y r\u00e1pida para reducir o eliminar la reverberaci\u00f3n ac\u00fastica de cualquier espacio.<\/p>\n\n<figure class=\"wp-block-image size-full\"><img loading=\"lazy\" decoding=\"async\" width=\"1000\" height=\"750\" src=\"https:\/\/maieroffice.cat\/wp-content\/uploads\/2023\/02\/IMG_2940.jpg\" alt=\"\" class=\"wp-image-23596\" srcset=\"https:\/\/maieroffice.cat\/wp-content\/uploads\/2023\/02\/IMG_2940.jpg 1000w, https:\/\/maieroffice.cat\/wp-content\/uploads\/2023\/02\/IMG_2940-300x225.jpg 300w, https:\/\/maieroffice.cat\/wp-content\/uploads\/2023\/02\/IMG_2940-768x576.jpg 768w\" sizes=\"(max-width: 1000px) 100vw, 1000px\" \/><\/figure>\n\n<p>El valor diferencial de Caimi en este producto es el dise\u00f1o. Sus paneles no son s\u00f3lo funcionales, sino que ayudan a crear espacios interiores acogedores. Los paneles de Caimi son un producto de calidad, con especial cuidado en los detalles y con una variedad de dise\u00f1os \u00fanica que permite dar un toque elegante y moderno a cualquier espacio.<\/p>\n\n<h3 class=\"wp-block-heading\">Muebles con propiedades fonoabsorbentes<\/h3>\n\n<p>Sof\u00e1s, separadores, estanter\u00edas, asientos, bancadas&#8230; Decenas de productos que a la vez que combinan sus funciones habituales, tales como sentarse, con una funci\u00f3n ac\u00fastica.<\/p>\n\n<h2 class=\"wp-block-heading\">Maieroffice, tu proveedor Caimi<\/h2>\n\n<p>Estamos preparados para ofrecerle las mejores soluciones ac\u00fasticas para tu oficina. Si quiere m\u00e1s informaci\u00f3n, <a href=\"https:\/\/maieroffice.cat\/es\/contactar\/\">contacte con nosotros<\/a>.<\/p>\n","protected":false},"excerpt":{"rendered":"<p>Queremos que ser cliente de Maieroffice sea sin\u00f3nimo de tener siempre a su alcance las \u00faltimas innovaciones en productos para la oficina. En estos \u00faltimos a\u00f1os, una de estas innovaciones son las soluciones fonoabsorbentes que mejoran el confort ac\u00fastico en la oficina. En nuestro esfuerzo por seguir las \u00faltimas tendencias, nuestro equipo de interiorismo ha [&hellip;]<\/p>\n","protected":false},"author":1,"featured_media":23602,"comment_status":"open","ping_status":"open","sticky":false,"template":"","format":"standard","meta":{"site-sidebar-layout":"default","site-content-layout":"","ast-site-content-layout":"default","site-content-style":"default","site-sidebar-style":"default","ast-global-header-display":"","ast-banner-title-visibility":"","ast-main-header-display":"","ast-hfb-above-header-display":"","ast-hfb-below-header-display":"","ast-hfb-mobile-header-display":"","site-post-title":"","ast-breadcrumbs-content":"","ast-featured-img":"","footer-sml-layout":"","ast-disable-related-posts":"","theme-transparent-header-meta":"","adv-header-id-meta":"","stick-header-meta":"","header-above-stick-meta":"","header-main-stick-meta":"","header-below-stick-meta":"","astra-migrate-meta-layouts":"default","ast-page-background-enabled":"default","ast-page-background-meta":{"desktop":{"background-color":"var(--ast-global-color-4)","background-image":"","background-repeat":"repeat","background-position":"center center","background-size":"auto","background-attachment":"scroll","background-type":"","background-media":"","overlay-type":"","overlay-color":"","overlay-opacity":"","overlay-gradient":""},"tablet":{"background-color":"","background-image":"","background-repeat":"repeat","background-position":"center center","background-size":"auto","background-attachment":"scroll","background-type":"","background-media":"","overlay-type":"","overlay-color":"","overlay-opacity":"","overlay-gradient":""},"mobile":{"background-color":"","background-image":"","background-repeat":"repeat","background-position":"center center","background-size":"auto","background-attachment":"scroll","background-type":"","background-media":"","overlay-type":"","overlay-color":"","overlay-opacity":"","overlay-gradient":""}},"ast-content-background-meta":{"desktop":{"background-color":"var(--ast-global-color-5)","background-image":"","background-repeat":"repeat","background-position":"center center","background-size":"auto","background-attachment":"scroll","background-type":"","background-media":"","overlay-type":"","overlay-color":"","overlay-opacity":"","overlay-gradient":""},"tablet":{"background-color":"var(--ast-global-color-5)","background-image":"","background-repeat":"repeat","background-position":"center center","background-size":"auto","background-attachment":"scroll","background-type":"","background-media":"","overlay-type":"","overlay-color":"","overlay-opacity":"","overlay-gradient":""},"mobile":{"background-color":"var(--ast-global-color-5)","background-image":"","background-repeat":"repeat","background-position":"center center","background-size":"auto","background-attachment":"scroll","background-type":"","background-media":"","overlay-type":"","overlay-color":"","overlay-opacity":"","overlay-gradient":""}},"footnotes":""},"categories":[443],"tags":[452,450],"class_list":["post-23620","post","type-post","status-publish","format-standard","has-post-thumbnail","hentry","category-interiorismo-y-muebles","tag-destacar-es","tag-destacat-es"],"_links":{"self":[{"href":"https:\/\/maieroffice.cat\/es\/wp-json\/wp\/v2\/posts\/23620","targetHints":{"allow":["GET"]}}],"collection":[{"href":"https:\/\/maieroffice.cat\/es\/wp-json\/wp\/v2\/posts"}],"about":[{"href":"https:\/\/maieroffice.cat\/es\/wp-json\/wp\/v2\/types\/post"}],"author":[{"embeddable":true,"href":"https:\/\/maieroffice.cat\/es\/wp-json\/wp\/v2\/users\/1"}],"replies":[{"embeddable":true,"href":"https:\/\/maieroffice.cat\/es\/wp-json\/wp\/v2\/comments?post=23620"}],"version-history":[{"count":2,"href":"https:\/\/maieroffice.cat\/es\/wp-json\/wp\/v2\/posts\/23620\/revisions"}],"predecessor-version":[{"id":24070,"href":"https:\/\/maieroffice.cat\/es\/wp-json\/wp\/v2\/posts\/23620\/revisions\/24070"}],"wp:featuredmedia":[{"embeddable":true,"href":"https:\/\/maieroffice.cat\/es\/wp-json\/wp\/v2\/media\/23602"}],"wp:attachment":[{"href":"https:\/\/maieroffice.cat\/es\/wp-json\/wp\/v2\/media?parent=23620"}],"wp:term":[{"taxonomy":"category","embeddable":true,"href":"https:\/\/maieroffice.cat\/es\/wp-json\/wp\/v2\/categories?post=23620"},{"taxonomy":"post_tag","embeddable":true,"href":"https:\/\/maieroffice.cat\/es\/wp-json\/wp\/v2\/tags?post=23620"}],"curies":[{"name":"wp","href":"https:\/\/api.w.org\/{rel}","templated":true}]}}