{"id":18903,"date":"2015-03-17T23:00:00","date_gmt":"2015-03-17T23:00:00","guid":{"rendered":"https:\/\/maieroffice.cat\/diseno-oficinas-y-mobiliario-para-sothebys-barcelona\/"},"modified":"2023-04-13T12:01:18","modified_gmt":"2023-04-13T12:01:18","slug":"diseno-oficinas-y-mobiliario-para-sothebys-barcelona","status":"publish","type":"post","link":"https:\/\/maieroffice.cat\/es\/diseno-oficinas-y-mobiliario-para-sothebys-barcelona\/","title":{"rendered":"Dise\u00f1o oficinas y mobiliario para Sotheby&#8217;s Barcelona"},"content":{"rendered":"<p>Uno de los propietarios de la sede de Sotheby&#8217;s en Barcelona, en una visita a uno de nuestros clientes, les pidi\u00f3 qui\u00e9n les hab\u00eda realizado el equipamiento de mobiliario en sus oficinas. As\u00ed fue como conocieron nuestro trabajo y se pusieron en contacto con nosotros para contarnos sus necesidades en la reforma de sus oficinas.<\/p>\n<p>Visitamos la Casa Amatller del Paseo de Gracia, para mostrarle el mobiliario y siller\u00eda que disponemos y que pudieran elegir. Al tener en cuenta los mosaicos de las correspondientes salas, su principal rasgo diferencial, se aconsej\u00f3 el color blanco para destacar los colores del suelo.<\/p>\n<p>Una vez escogido le confeccionamos el presupuesto y unos renders con el <a href=\"https:\/\/maieroffice.cat\/es\/diseno-de-oficinas\/\">dise\u00f1o de las oficinas<\/a> y de diferentes espacios, con las correspondientes composiciones de cada espacio.<\/p>\n<p>Aqu\u00ed tiene el resultado final. \u00bfQu\u00e9 le parece?<\/p>\n<p style=\"text-align: center;\"><a href=\"http:\/\/maieroffice.cat\/wp-content\/uploads\/2022\/06\/sotheby1-scaled.jpg\"><img fetchpriority=\"high\" decoding=\"async\" class=\"aligncenter wp-image-3378 size-large\" title=\"Dise\u00f1o oficinas y mobiliario para Sotheby\" src=\"http:\/\/maieroffice.cat\/wp-content\/uploads\/2022\/06\/sotheby1-scaled.jpg\" alt=\"Dise\u00f1o oficinas y mobiliario para Sotheby\" width=\"1000\" height=\"750\"><\/a> <a href=\"http:\/\/maieroffice.cat\/wp-content\/uploads\/2022\/06\/sotheby2-scaled.jpg\"><img decoding=\"async\" class=\"alignnone wp-image-3379 size-large\" title=\"Dise\u00f1o oficinas Sotheby en Barcelona\" src=\"http:\/\/maieroffice.cat\/wp-content\/uploads\/2022\/06\/sotheby2-scaled.jpg\" alt=\"Dise\u00f1o oficinas Sotheby en Barcelona\" width=\"1000\" height=\"750\"><\/a> <a href=\"http:\/\/maieroffice.cat\/wp-content\/uploads\/2022\/06\/sotheby3-scaled.jpg\"><img decoding=\"async\" class=\"alignnone wp-image-3380 size-large\" src=\"http:\/\/maieroffice.cat\/wp-content\/uploads\/2022\/06\/sotheby3-scaled.jpg\" alt=\"Interiorismo oficinas en Barcelona\" width=\"1000\" height=\"750\"><\/a><\/p>\n","protected":false},"excerpt":{"rendered":"<p>Proyecto de dise\u00f1o y montaje de las nuevas oficinas de Sotheby&#8217;s en Barcelona.<\/p>\n","protected":false},"author":1,"featured_media":13440,"comment_status":"open","ping_status":"open","sticky":false,"template":"","format":"standard","meta":{"site-sidebar-layout":"default","site-content-layout":"","ast-site-content-layout":"default","site-content-style":"default","site-sidebar-style":"default","ast-global-header-display":"","ast-banner-title-visibility":"","ast-main-header-display":"","ast-hfb-above-header-display":"","ast-hfb-below-header-display":"","ast-hfb-mobile-header-display":"","site-post-title":"","ast-breadcrumbs-content":"","ast-featured-img":"","footer-sml-layout":"","ast-disable-related-posts":"","theme-transparent-header-meta":"","adv-header-id-meta":"","stick-header-meta":"","header-above-stick-meta":"","header-main-stick-meta":"","header-below-stick-meta":"","astra-migrate-meta-layouts":"default","ast-page-background-enabled":"default","ast-page-background-meta":{"desktop":{"background-color":"var(--ast-global-color-4)","background-image":"","background-repeat":"repeat","background-position":"center center","background-size":"auto","background-attachment":"scroll","background-type":"","background-media":"","overlay-type":"","overlay-color":"","overlay-opacity":"","overlay-gradient":""},"tablet":{"background-color":"","background-image":"","background-repeat":"repeat","background-position":"center center","background-size":"auto","background-attachment":"scroll","background-type":"","background-media":"","overlay-type":"","overlay-color":"","overlay-opacity":"","overlay-gradient":""},"mobile":{"background-color":"","background-image":"","background-repeat":"repeat","background-position":"center center","background-size":"auto","background-attachment":"scroll","background-type":"","background-media":"","overlay-type":"","overlay-color":"","overlay-opacity":"","overlay-gradient":""}},"ast-content-background-meta":{"desktop":{"background-color":"var(--ast-global-color-5)","background-image":"","background-repeat":"repeat","background-position":"center center","background-size":"auto","background-attachment":"scroll","background-type":"","background-media":"","overlay-type":"","overlay-color":"","overlay-opacity":"","overlay-gradient":""},"tablet":{"background-color":"var(--ast-global-color-5)","background-image":"","background-repeat":"repeat","background-position":"center center","background-size":"auto","background-attachment":"scroll","background-type":"","background-media":"","overlay-type":"","overlay-color":"","overlay-opacity":"","overlay-gradient":""},"mobile":{"background-color":"var(--ast-global-color-5)","background-image":"","background-repeat":"repeat","background-position":"center center","background-size":"auto","background-attachment":"scroll","background-type":"","background-media":"","overlay-type":"","overlay-color":"","overlay-opacity":"","overlay-gradient":""}},"footnotes":""},"categories":[443],"tags":[],"class_list":["post-18903","post","type-post","status-publish","format-standard","has-post-thumbnail","hentry","category-interiorismo-y-muebles"],"_links":{"self":[{"href":"https:\/\/maieroffice.cat\/es\/wp-json\/wp\/v2\/posts\/18903","targetHints":{"allow":["GET"]}}],"collection":[{"href":"https:\/\/maieroffice.cat\/es\/wp-json\/wp\/v2\/posts"}],"about":[{"href":"https:\/\/maieroffice.cat\/es\/wp-json\/wp\/v2\/types\/post"}],"author":[{"embeddable":true,"href":"https:\/\/maieroffice.cat\/es\/wp-json\/wp\/v2\/users\/1"}],"replies":[{"embeddable":true,"href":"https:\/\/maieroffice.cat\/es\/wp-json\/wp\/v2\/comments?post=18903"}],"version-history":[{"count":1,"href":"https:\/\/maieroffice.cat\/es\/wp-json\/wp\/v2\/posts\/18903\/revisions"}],"predecessor-version":[{"id":23828,"href":"https:\/\/maieroffice.cat\/es\/wp-json\/wp\/v2\/posts\/18903\/revisions\/23828"}],"wp:featuredmedia":[{"embeddable":true,"href":"https:\/\/maieroffice.cat\/es\/wp-json\/wp\/v2\/media\/13440"}],"wp:attachment":[{"href":"https:\/\/maieroffice.cat\/es\/wp-json\/wp\/v2\/media?parent=18903"}],"wp:term":[{"taxonomy":"category","embeddable":true,"href":"https:\/\/maieroffice.cat\/es\/wp-json\/wp\/v2\/categories?post=18903"},{"taxonomy":"post_tag","embeddable":true,"href":"https:\/\/maieroffice.cat\/es\/wp-json\/wp\/v2\/tags?post=18903"}],"curies":[{"name":"wp","href":"https:\/\/api.w.org\/{rel}","templated":true}]}}