{"id":18883,"date":"2019-05-09T05:37:10","date_gmt":"2019-05-09T05:37:10","guid":{"rendered":"https:\/\/maieroffice.cat\/asistimos-a-la-presentacion-de-las-nuevas-impresoras-multifuncion-de-konica-minolta\/"},"modified":"2022-10-26T10:46:12","modified_gmt":"2022-10-26T10:46:12","slug":"asistimos-a-la-presentacion-de-las-nuevas-impresoras-multifuncion-de-konica-minolta","status":"publish","type":"post","link":"https:\/\/maieroffice.cat\/es\/asistimos-a-la-presentacion-de-las-nuevas-impresoras-multifuncion-de-konica-minolta\/","title":{"rendered":"Asistimos a la presentaci\u00f3n de las nuevas impresoras multifunci\u00f3n de Konica Minolta"},"content":{"rendered":"<p>Las impresoras multifunci\u00f3n est\u00e1n cambiando. Konica Minolta ha presentado en Barcelona la nueva serie de multifuncionales inteligentes, las MFP del futuro.<\/p>\n<p>La tecnolog\u00eda avanza y los h\u00e1bitos de los trabajadores de las oficinas tambi\u00e9n. Konica Minolta, empresa de la que somos distribuidores oficiales en Catalu\u00f1a, ha presentado en Barcelona la nueva gama de impresoras multifunci\u00f3n de la compa\u00f1\u00eda.<\/p>\n<h2>Mucho m\u00e1s que una impresora-fotocopiadora<\/h2>\n<p>El nuevo concepto de Konica supone concebir a la impresora como una central de servicios para la oficina, englobando funcionalidades como la generaci\u00f3n del Wifi de la oficina, la gesti\u00f3n documental, servicios de backup o funcionalidades de servidor de documentos.<\/p>\n<h3>Workplace Hub<\/h3>\n<p><img fetchpriority=\"high\" decoding=\"async\" class=\"alignnone wp-image-1604 size-medium\" src=\"http:\/\/maieroffice.cat\/wp-content\/uploads\/2022\/06\/workplace-hub-300x300.jpg\" alt=\"\" width=\"300\" height=\"300\"><\/p>\n<p>Workplace Hub es el ejemplo m\u00e1s claro de aplicaci\u00f3n de este nuevo concepto. Pensado para peque\u00f1as y medianas empresas, el Workplace Hub de Konica Minolta es mucho m\u00e1s que una impresora multifunci\u00f3n. Se trata de una soluci\u00f3n IT completa para la oficina con funciones como el sistema de conectividad Wifi, servidor cloud de almacenamiento y copia de seguridad, gesti\u00f3n de usuarios, gesti\u00f3n de aplicaciones, compartici\u00f3n de archivos, etc.<\/p>\n<h3><a href=\"https:\/\/maieroffice.cat\/impressora\/bizhub-c300i\/\">Bizhub C300i<\/a><\/h3>\n<p><img decoding=\"async\" class=\"alignnone wp-image-2317 size-medium\" src=\"http:\/\/maieroffice.cat\/wp-content\/uploads\/2022\/05\/bizhub-c300i.jpg\" alt=\"\" width=\"300\" height=\"300\"><\/p>\n<p>Otro ejemplo de estas nuevas multifuncionales es la Bizhub C300i. Se trata de un modelo que ofrece una velocidad de impresi\u00f3n de 30 p\u00e1ginas por minuto tanto en color como en blanco y negro y que integra una moderna pantalla t\u00e1ctil tipo tableta de 10,1 pulgadas con soporte multit\u00e1ctil e interfaz de usuario redise\u00f1ada por a un funcionamiento intuitivo y f\u00e1cil de utilizar.<\/p>\n<h2>Preparados por la nueva generaci\u00f3n de multifunci\u00f3n<\/h2>\n<p>En Maieroffice estamos preparados para llevar a nuestros clientes soluciones tecnol\u00f3gicas que se adapten a las nuevas formas de trabajar de oficinas y empresas.<\/p>\n<p>Si desea m\u00e1s informaci\u00f3n, puede <a href=\"https:\/\/maieroffice.cat\/contacte\">ponerse en contacto con nosotros<\/a> .<\/p>\n<div id='gallery-1' class='gallery galleryid-18883 gallery-columns-3 gallery-size-medium'><figure class='gallery-item'>\n\t\t\t<div class='gallery-icon landscape'>\n\t\t\t\t<a href='https:\/\/maieroffice.cat\/wp-content\/uploads\/2022\/06\/60291539_1192509910929149_1931182223025766400_n.jpg'><img decoding=\"async\" width=\"300\" height=\"169\" src=\"https:\/\/maieroffice.cat\/wp-content\/uploads\/2022\/06\/60291539_1192509910929149_1931182223025766400_n-300x169.jpg\" class=\"attachment-medium size-medium\" alt=\"\" srcset=\"https:\/\/maieroffice.cat\/wp-content\/uploads\/2022\/06\/60291539_1192509910929149_1931182223025766400_n-300x169.jpg 300w, https:\/\/maieroffice.cat\/wp-content\/uploads\/2022\/06\/60291539_1192509910929149_1931182223025766400_n-768x432.jpg 768w, https:\/\/maieroffice.cat\/wp-content\/uploads\/2022\/06\/60291539_1192509910929149_1931182223025766400_n.jpg 960w\" sizes=\"(max-width: 300px) 100vw, 300px\"><\/a>\n\t\t\t<\/div><\/figure><figure class='gallery-item'>\n\t\t\t<div class='gallery-icon portrait'>\n\t\t\t\t<a href='https:\/\/maieroffice.cat\/wp-content\/uploads\/2022\/06\/59685314_1192509920929148_6336754564804378624_n.jpg'><img loading=\"lazy\" decoding=\"async\" width=\"225\" height=\"300\" src=\"https:\/\/maieroffice.cat\/wp-content\/uploads\/2022\/06\/59685314_1192509920929148_6336754564804378624_n-225x300.jpg\" class=\"attachment-medium size-medium\" alt=\"\" srcset=\"https:\/\/maieroffice.cat\/wp-content\/uploads\/2022\/06\/59685314_1192509920929148_6336754564804378624_n-225x300.jpg 225w, https:\/\/maieroffice.cat\/wp-content\/uploads\/2022\/06\/59685314_1192509920929148_6336754564804378624_n.jpg 720w\" sizes=\"(max-width: 225px) 100vw, 225px\"><\/a>\n\t\t\t<\/div><\/figure><figure class='gallery-item'>\n\t\t\t<div class='gallery-icon landscape'>\n\t\t\t\t<a href='https:\/\/maieroffice.cat\/wp-content\/uploads\/2022\/06\/60004935_1192509930929147_8890378141449584640_n.jpg'><img loading=\"lazy\" decoding=\"async\" width=\"300\" height=\"225\" src=\"https:\/\/maieroffice.cat\/wp-content\/uploads\/2022\/06\/60004935_1192509930929147_8890378141449584640_n-300x225.jpg\" class=\"attachment-medium size-medium\" alt=\"\" srcset=\"https:\/\/maieroffice.cat\/wp-content\/uploads\/2022\/06\/60004935_1192509930929147_8890378141449584640_n-300x225.jpg 300w, https:\/\/maieroffice.cat\/wp-content\/uploads\/2022\/06\/60004935_1192509930929147_8890378141449584640_n-768x576.jpg 768w, https:\/\/maieroffice.cat\/wp-content\/uploads\/2022\/06\/60004935_1192509930929147_8890378141449584640_n.jpg 960w\" sizes=\"(max-width: 300px) 100vw, 300px\"><\/a>\n\t\t\t<\/div><\/figure>\n\t\t<\/div>\n\n","protected":false},"excerpt":{"rendered":"<p>Las impresoras multifunci\u00f3n est\u00e1n cambiando. Konica Minolta ha presentado en Barcelona la nueva serie de multifuncionales inteligentes, las MFP del futuro. La tecnolog\u00eda avanza y los h\u00e1bitos de los trabajadores de las oficinas tambi\u00e9n. Konica Minolta, empresa de la que somos distribuidores oficiales en Catalu\u00f1a, ha presentado en Barcelona la nueva gama de impresoras multifunci\u00f3n [&hellip;]<\/p>\n","protected":false},"author":1,"featured_media":13513,"comment_status":"open","ping_status":"open","sticky":false,"template":"","format":"standard","meta":{"site-sidebar-layout":"default","site-content-layout":"","ast-site-content-layout":"default","site-content-style":"default","site-sidebar-style":"default","ast-global-header-display":"","ast-banner-title-visibility":"","ast-main-header-display":"","ast-hfb-above-header-display":"","ast-hfb-below-header-display":"","ast-hfb-mobile-header-display":"","site-post-title":"","ast-breadcrumbs-content":"","ast-featured-img":"","footer-sml-layout":"","ast-disable-related-posts":"","theme-transparent-header-meta":"","adv-header-id-meta":"","stick-header-meta":"","header-above-stick-meta":"","header-main-stick-meta":"","header-below-stick-meta":"","astra-migrate-meta-layouts":"default","ast-page-background-enabled":"default","ast-page-background-meta":{"desktop":{"background-color":"var(--ast-global-color-4)","background-image":"","background-repeat":"repeat","background-position":"center center","background-size":"auto","background-attachment":"scroll","background-type":"","background-media":"","overlay-type":"","overlay-color":"","overlay-opacity":"","overlay-gradient":""},"tablet":{"background-color":"","background-image":"","background-repeat":"repeat","background-position":"center center","background-size":"auto","background-attachment":"scroll","background-type":"","background-media":"","overlay-type":"","overlay-color":"","overlay-opacity":"","overlay-gradient":""},"mobile":{"background-color":"","background-image":"","background-repeat":"repeat","background-position":"center center","background-size":"auto","background-attachment":"scroll","background-type":"","background-media":"","overlay-type":"","overlay-color":"","overlay-opacity":"","overlay-gradient":""}},"ast-content-background-meta":{"desktop":{"background-color":"var(--ast-global-color-5)","background-image":"","background-repeat":"repeat","background-position":"center center","background-size":"auto","background-attachment":"scroll","background-type":"","background-media":"","overlay-type":"","overlay-color":"","overlay-opacity":"","overlay-gradient":""},"tablet":{"background-color":"var(--ast-global-color-5)","background-image":"","background-repeat":"repeat","background-position":"center center","background-size":"auto","background-attachment":"scroll","background-type":"","background-media":"","overlay-type":"","overlay-color":"","overlay-opacity":"","overlay-gradient":""},"mobile":{"background-color":"var(--ast-global-color-5)","background-image":"","background-repeat":"repeat","background-position":"center center","background-size":"auto","background-attachment":"scroll","background-type":"","background-media":"","overlay-type":"","overlay-color":"","overlay-opacity":"","overlay-gradient":""}},"footnotes":""},"categories":[442],"tags":[],"class_list":["post-18883","post","type-post","status-publish","format-standard","has-post-thumbnail","hentry","category-impresion-y-digitalizacion"],"_links":{"self":[{"href":"https:\/\/maieroffice.cat\/es\/wp-json\/wp\/v2\/posts\/18883","targetHints":{"allow":["GET"]}}],"collection":[{"href":"https:\/\/maieroffice.cat\/es\/wp-json\/wp\/v2\/posts"}],"about":[{"href":"https:\/\/maieroffice.cat\/es\/wp-json\/wp\/v2\/types\/post"}],"author":[{"embeddable":true,"href":"https:\/\/maieroffice.cat\/es\/wp-json\/wp\/v2\/users\/1"}],"replies":[{"embeddable":true,"href":"https:\/\/maieroffice.cat\/es\/wp-json\/wp\/v2\/comments?post=18883"}],"version-history":[{"count":0,"href":"https:\/\/maieroffice.cat\/es\/wp-json\/wp\/v2\/posts\/18883\/revisions"}],"wp:featuredmedia":[{"embeddable":true,"href":"https:\/\/maieroffice.cat\/es\/wp-json\/wp\/v2\/media\/13513"}],"wp:attachment":[{"href":"https:\/\/maieroffice.cat\/es\/wp-json\/wp\/v2\/media?parent=18883"}],"wp:term":[{"taxonomy":"category","embeddable":true,"href":"https:\/\/maieroffice.cat\/es\/wp-json\/wp\/v2\/categories?post=18883"},{"taxonomy":"post_tag","embeddable":true,"href":"https:\/\/maieroffice.cat\/es\/wp-json\/wp\/v2\/tags?post=18883"}],"curies":[{"name":"wp","href":"https:\/\/api.w.org\/{rel}","templated":true}]}}