{"id":18773,"date":"2015-09-02T23:00:00","date_gmt":"2015-09-02T23:00:00","guid":{"rendered":"https:\/\/maieroffice.cat\/consejos-para-una-oficina-mas-sostenible\/"},"modified":"2022-10-26T11:00:26","modified_gmt":"2022-10-26T11:00:26","slug":"consejos-para-una-oficina-mas-sostenible","status":"publish","type":"post","link":"https:\/\/maieroffice.cat\/es\/consejos-para-una-oficina-mas-sostenible\/","title":{"rendered":"Consejos para una oficina m\u00e1s sostenible"},"content":{"rendered":"<p>Cada vez est\u00e1 m\u00e1s extendida la preocupaci\u00f3n de las empresas por tomar una postura responsable en el \u00e1mbito de <strong>protecci\u00f3n del medio ambiente<\/strong> .<\/p>\n<p>Pero la sostenibilidad en la oficina comienza por peque\u00f1os h\u00e1bitos y acciones que todos podemos aplicar en nuestro trabajo diario.<\/p>\n<p>&nbsp;<\/p>\n<p><strong>Reducir el coste energ\u00e9tico<\/strong><\/p>\n<ul>\n<li><strong>Apagar las luces<\/strong> cuando no sean necesarias y aprovechar la luz natural. Las <strong>bombillas LED<\/strong> tambi\u00e9n suponen un menor consumo y duran mucho m\u00e1s tiempo.<\/li>\n<li><strong>Parar las m\u00e1quinas<\/strong> que no est\u00e1n en uso. Dejar los aparatos puestos en marcha o en <em>stand by<\/em> supone un gran coste energ\u00e9tico.<\/li>\n<li>Regular el aire acondicionado o la calefacci\u00f3n para <strong>asegurar una temperatura adecuada<\/strong> no s\u00f3lo mejora las condiciones de trabajo, sino que supone un importante ahorro. Asimismo, es necesario asegurar un <strong>buen cierre<\/strong> de la oficina para evitar la p\u00e9rdida de energ\u00eda.<\/li>\n<\/ul>\n<p>&nbsp;<\/p>\n<p><strong>Reciclaje y reducci\u00f3n de papel<\/strong><\/p>\n<ul>\n<li><strong>Reutilizar<\/strong> aquellos papeles que pueden tener un segundo uso.<img decoding=\"async\" class=\"alignright\" title=\"Recuckar\" src=\"http:\/\/maieroffice.cat\/wp-content\/uploads\/2022\/06\/reciclaje.gif\" alt=\"reciclar\" width=\"178\" height=\"175\"><\/li>\n<li><strong>Reciclar<\/strong> el papel cuando no pueda ser reutilizado. Poner una caja donde depositar el papel utilizado en la oficina, puede evitar mezclarlo con otra basura y facilitar el reciclaje.<\/li>\n<li>En caso de ser necesaria la eliminaci\u00f3n definitiva de ciertos documentos, apostar por un <strong>sistema de destrucci\u00f3n<\/strong> que permita su posterior reciclaje.<\/li>\n<li>Imprimir \u00fanicamente aquellos <strong>documentos que sean estrictamente necesarios<\/strong> y corregirlos antes de imprimir, para imprimir directamente la <strong>versi\u00f3n definitiva<\/strong> .<\/li>\n<li>Apostar por el <strong>correo electr\u00f3nico<\/strong> y tecnolog\u00edas que permitan reducir el consumo de papel como es el caso de la <strong>gesti\u00f3n documental<\/strong> .<\/li>\n<li>Apostar por <strong>materiales reciclados, ecol\u00f3gicos<\/strong> y material con <a title=\"fsc\" href=\"https:\/\/es.fsc.org\/\" target=\"_blank\" rel=\"noopener noreferrer\"><strong>certificaci\u00f3n<\/strong> <strong>FSC<\/strong><\/a> (la materia prima de estos materiales proviene de bosques gestionados sosteniblemente y la tala de los \u00e1rboles se lleva a cabo a trav\u00e9s de pr\u00e1cticas certificadas en base a los est\u00e1ndares internacionales FSC y <a title=\"pefc\" href=\"http:\/\/www.pefc.es\/\" target=\"_blank\" rel=\"noopener noreferrer\">PEFC<\/a> ).<\/li>\n<\/ul>\n<p>&nbsp;<\/p>\n<p><strong>Escoger equipos de oficina energ\u00e9ticamente eficientes<\/strong><\/p>\n<p>Actualmente, entre la amplia oferta de equipos multifunci\u00f3n existente, destacan diversas <strong>funciones que permiten un ahorro energ\u00e9tico y<\/strong> <strong>material<\/strong> y ofrecen, por tanto, una <strong>impresi\u00f3n m\u00e1s sostenible<\/strong> .<img fetchpriority=\"high\" decoding=\"async\" class=\" alignright\" title=\"Equipos ecol\u00f3gicos\" src=\"http:\/\/maieroffice.cat\/wp-content\/uploads\/2022\/06\/POLITICA-DE-CALIDAD-Y-MEDIO-AMBIENTE-f.pdf.jpg\" alt=\"Equipos ecol\u00f3gicos\" width=\"240\" height=\"294\"> As\u00ed pues, apostar por este tipo de equipos puede suponer una clara ventaja.<\/p>\n<p>Algunas de las <a title=\"funciones ecol\u00f3gicas\" href=\"http:\/\/www.konicaminolta.es\/es\/business-solutions\/compania\/responsabilidad-social-corporativa\/ecologico\/funciones-ecologicas.html\" target=\"_blank\" rel=\"noopener noreferrer\"><strong>funciones ecol\u00f3gicas<\/strong><\/a> que pueden incluir los equipos y que hacen posible el ahorro son las siguientes:<\/p>\n<ul>\n<li><strong>Impresi\u00f3n a doble cara<\/strong> , permite reducir a la mitad el uso de papel.<\/li>\n<li><strong>Combinar varias p\u00e1ginas<\/strong> en una sola hoja para reducir las copias necesarias.<\/li>\n<li><strong>Supresi\u00f3n autom\u00e1tica de las p\u00e1ginas en blanco<\/strong> en saltos de p\u00e1gina.<\/li>\n<li>Panel para <strong>personalizar las caracter\u00edsticas de cada impresi\u00f3n<\/strong> .<\/li>\n<li><a href=\"http:\/\/www.konicaminolta.es\/es\/business-solutions\/compania\/responsabilidad-social-corporativa\/ecologico\/tecnologias-ecologicas\/toner-simitri-hd.html\" target=\"_blank\" rel=\"noopener noreferrer\"><strong>Toners con menor impacto medioambiental<\/strong><\/a> .<\/li>\n<\/ul>\n<p>&nbsp;<\/p>\n<p>Tener en cuenta estos aspectos puede ayudar no s\u00f3lo a conseguir un ahorro econ\u00f3mico importante, sino que tambi\u00e9n supone <strong>tomar conciencia sobre la protecci\u00f3n del medio ambiente<\/strong> , un tema que afecta a toda la sociedad.<\/p>\n<p>&nbsp;<\/p>\n<p>&nbsp;<\/p>\n<p><a href=\"http:\/\/www.konicaminolta.es\/es\/business-solutions\/compania\/responsabilidad-social-corporativa\/ecologico\/politica-ecologica.html\" target=\"_blank\" rel=\"noopener noreferrer\"><strong><em>RSC Konica Minolta por la preservaci\u00f3n del medio ambiente<\/em><\/strong><\/a><\/p>\n","protected":false},"excerpt":{"rendered":"<p>Cada vez est\u00e1 m\u00e1s extendida la preocupaci\u00f3n de las empresas por tomar una postura responsable en el \u00e1mbito de protecci\u00f3n del medio ambiente . Pero la sostenibilidad en la oficina comienza por peque\u00f1os h\u00e1bitos y acciones que todos podemos aplicar en nuestro trabajo diario. &nbsp; Reducir el coste energ\u00e9tico Apagar las luces cuando no sean [&hellip;]<\/p>\n","protected":false},"author":1,"featured_media":13462,"comment_status":"open","ping_status":"open","sticky":false,"template":"","format":"standard","meta":{"site-sidebar-layout":"default","site-content-layout":"","ast-site-content-layout":"default","site-content-style":"default","site-sidebar-style":"default","ast-global-header-display":"","ast-banner-title-visibility":"","ast-main-header-display":"","ast-hfb-above-header-display":"","ast-hfb-below-header-display":"","ast-hfb-mobile-header-display":"","site-post-title":"","ast-breadcrumbs-content":"","ast-featured-img":"","footer-sml-layout":"","ast-disable-related-posts":"","theme-transparent-header-meta":"","adv-header-id-meta":"","stick-header-meta":"","header-above-stick-meta":"","header-main-stick-meta":"","header-below-stick-meta":"","astra-migrate-meta-layouts":"default","ast-page-background-enabled":"default","ast-page-background-meta":{"desktop":{"background-color":"var(--ast-global-color-4)","background-image":"","background-repeat":"repeat","background-position":"center center","background-size":"auto","background-attachment":"scroll","background-type":"","background-media":"","overlay-type":"","overlay-color":"","overlay-opacity":"","overlay-gradient":""},"tablet":{"background-color":"","background-image":"","background-repeat":"repeat","background-position":"center center","background-size":"auto","background-attachment":"scroll","background-type":"","background-media":"","overlay-type":"","overlay-color":"","overlay-opacity":"","overlay-gradient":""},"mobile":{"background-color":"","background-image":"","background-repeat":"repeat","background-position":"center center","background-size":"auto","background-attachment":"scroll","background-type":"","background-media":"","overlay-type":"","overlay-color":"","overlay-opacity":"","overlay-gradient":""}},"ast-content-background-meta":{"desktop":{"background-color":"var(--ast-global-color-5)","background-image":"","background-repeat":"repeat","background-position":"center center","background-size":"auto","background-attachment":"scroll","background-type":"","background-media":"","overlay-type":"","overlay-color":"","overlay-opacity":"","overlay-gradient":""},"tablet":{"background-color":"var(--ast-global-color-5)","background-image":"","background-repeat":"repeat","background-position":"center center","background-size":"auto","background-attachment":"scroll","background-type":"","background-media":"","overlay-type":"","overlay-color":"","overlay-opacity":"","overlay-gradient":""},"mobile":{"background-color":"var(--ast-global-color-5)","background-image":"","background-repeat":"repeat","background-position":"center center","background-size":"auto","background-attachment":"scroll","background-type":"","background-media":"","overlay-type":"","overlay-color":"","overlay-opacity":"","overlay-gradient":""}},"footnotes":""},"categories":[442,443],"tags":[],"class_list":["post-18773","post","type-post","status-publish","format-standard","has-post-thumbnail","hentry","category-impresion-y-digitalizacion","category-interiorismo-y-muebles"],"_links":{"self":[{"href":"https:\/\/maieroffice.cat\/es\/wp-json\/wp\/v2\/posts\/18773","targetHints":{"allow":["GET"]}}],"collection":[{"href":"https:\/\/maieroffice.cat\/es\/wp-json\/wp\/v2\/posts"}],"about":[{"href":"https:\/\/maieroffice.cat\/es\/wp-json\/wp\/v2\/types\/post"}],"author":[{"embeddable":true,"href":"https:\/\/maieroffice.cat\/es\/wp-json\/wp\/v2\/users\/1"}],"replies":[{"embeddable":true,"href":"https:\/\/maieroffice.cat\/es\/wp-json\/wp\/v2\/comments?post=18773"}],"version-history":[{"count":0,"href":"https:\/\/maieroffice.cat\/es\/wp-json\/wp\/v2\/posts\/18773\/revisions"}],"wp:featuredmedia":[{"embeddable":true,"href":"https:\/\/maieroffice.cat\/es\/wp-json\/wp\/v2\/media\/13462"}],"wp:attachment":[{"href":"https:\/\/maieroffice.cat\/es\/wp-json\/wp\/v2\/media?parent=18773"}],"wp:term":[{"taxonomy":"category","embeddable":true,"href":"https:\/\/maieroffice.cat\/es\/wp-json\/wp\/v2\/categories?post=18773"},{"taxonomy":"post_tag","embeddable":true,"href":"https:\/\/maieroffice.cat\/es\/wp-json\/wp\/v2\/tags?post=18773"}],"curies":[{"name":"wp","href":"https:\/\/api.w.org\/{rel}","templated":true}]}}