{"id":18766,"date":"2014-11-03T23:00:00","date_gmt":"2014-11-03T23:00:00","guid":{"rendered":"https:\/\/maieroffice.cat\/activo-en-el-orgatec-2014\/"},"modified":"2022-10-26T11:01:40","modified_gmt":"2022-10-26T11:01:40","slug":"activo-en-el-orgatec-2014","status":"publish","type":"post","link":"https:\/\/maieroffice.cat\/es\/activo-en-el-orgatec-2014\/","title":{"rendered":"Activo en el Orgatec 2014"},"content":{"rendered":"<p style=\"text-align: left;\">En la \u00faltima edici\u00f3n de Orgatec, <a href=\"http:\/\/www.actiu.com\" target=\"_blank\" rel=\"noopener noreferrer\">Activo<\/a> contaba con un stand en un lugar privilegiado: uno de los halls m\u00e1s visitados y donde se encontraban las principales empresas de referencia a nivel internacional que contaba con m\u00e1s de 430 m2. El stand representaba un estadio, un concepto online con el resto de su campa\u00f1a \u201cSiempre en movimiento\u201d.<\/p>\n<p>Este espacio les serv\u00eda como exposici\u00f3n as\u00ed como punto de atenci\u00f3n para clientes, proveedores o p\u00fablico en general.<\/p>\n<p>El mobiliario estaba integrado exclusivamente por productos galardonados y las 7 novedades que presentaban en la feria:<\/p>\n<p style=\"text-align: center;\">PRISMA<\/p>\n<p style=\"text-align: center;\"><a href=\"http:\/\/maieroffice.cat\/wp-content\/uploads\/2022\/06\/post-orgatec-2014-blog_10.jpg\"><img fetchpriority=\"high\" decoding=\"async\" class=\"alignnone size-full wp-image-3092\" src=\"http:\/\/maieroffice.cat\/wp-content\/uploads\/2022\/06\/post-orgatec-2014-blog_10.jpg\" alt=\"prisma\" width=\"495\" height=\"371\"><\/a><\/p>\n<p style=\"text-align: center;\">WING<\/p>\n<p style=\"text-align: center;\"><a href=\"https:\/\/maieroffice.cat\/tienda\/wing-2\/%20\"><img decoding=\"async\" class=\"alignnone size-full wp-image-3091\" src=\"http:\/\/maieroffice.cat\/wp-content\/uploads\/2022\/06\/wing.jpg\" alt=\"wing\" width=\"900\" height=\"600\"><\/a><\/p>\n<p style=\"text-align: center;\">SHAPE<\/p>\n<p style=\"text-align: center;\"><a href=\"http:\/\/maieroffice.cat\/wp-content\/uploads\/2022\/06\/shape.jpg\"><img decoding=\"async\" class=\"alignnone size-full wp-image-3088\" src=\"http:\/\/maieroffice.cat\/wp-content\/uploads\/2022\/06\/shape.jpg\" alt=\"shape\" width=\"900\" height=\"600\"><\/a><\/p>\n<p style=\"text-align: center;\">LONGO<\/p>\n<p style=\"text-align: center;\"><a href=\"http:\/\/maieroffice.cat\/wp-content\/uploads\/2022\/03\/Longo-1.jpg\"><img loading=\"lazy\" decoding=\"async\" class=\"alignnone size-full wp-image-3086\" src=\"http:\/\/maieroffice.cat\/wp-content\/uploads\/2022\/03\/Longo-1.jpg\" alt=\"longo\" width=\"900\" height=\"600\"><\/a><\/p>\n<p style=\"text-align: center;\">BADMINTON<\/p>\n<p style=\"text-align: center;\"><a href=\"http:\/\/maieroffice.cat\/wp-content\/uploads\/2022\/06\/badminton.jpg\"><img loading=\"lazy\" decoding=\"async\" class=\"alignnone size-full wp-image-3084\" src=\"http:\/\/maieroffice.cat\/wp-content\/uploads\/2022\/06\/badminton.jpg\" alt=\"badminton\" width=\"467\" height=\"700\"><\/a><\/p>\n<p style=\"text-align: center;\">LINK<\/p>\n<p style=\"text-align: center;\"><a href=\"http:\/\/maieroffice.cat\/wp-content\/uploads\/2022\/06\/link.jpg\"><img loading=\"lazy\" decoding=\"async\" class=\"alignnone size-full wp-image-3085\" src=\"http:\/\/maieroffice.cat\/wp-content\/uploads\/2022\/06\/link.jpg\" alt=\"link\" width=\"900\" height=\"600\"><\/a><\/p>\n<p style=\"text-align: left;\">Encontrar\u00e1 toda la informaci\u00f3n sobre la presencia de Activo en la feria Orgatec 2014, <a href=\"http:\/\/www.actiu.com\/es\/actualidad\/noticias\/el-principio-del-cambio-esta-en-actiu-y-se-ha-presentado-en-orgatec-2014\" target=\"_blank\" rel=\"noopener noreferrer\">aqu\u00ed<\/a> .<\/p>\n","protected":false},"excerpt":{"rendered":"<p>En la \u00faltima edici\u00f3n de Orgatec, Activo contaba con un stand en un lugar privilegiado: uno de los halls m\u00e1s visitados y donde se encontraban las principales empresas de referencia a nivel internacional que contaba con m\u00e1s de 430 m2. El stand representaba un estadio, un concepto online con el resto de su campa\u00f1a \u201cSiempre [&hellip;]<\/p>\n","protected":false},"author":1,"featured_media":13418,"comment_status":"open","ping_status":"open","sticky":false,"template":"","format":"standard","meta":{"site-sidebar-layout":"default","site-content-layout":"","ast-site-content-layout":"default","site-content-style":"default","site-sidebar-style":"default","ast-global-header-display":"","ast-banner-title-visibility":"","ast-main-header-display":"","ast-hfb-above-header-display":"","ast-hfb-below-header-display":"","ast-hfb-mobile-header-display":"","site-post-title":"","ast-breadcrumbs-content":"","ast-featured-img":"","footer-sml-layout":"","ast-disable-related-posts":"","theme-transparent-header-meta":"","adv-header-id-meta":"","stick-header-meta":"","header-above-stick-meta":"","header-main-stick-meta":"","header-below-stick-meta":"","astra-migrate-meta-layouts":"default","ast-page-background-enabled":"default","ast-page-background-meta":{"desktop":{"background-color":"var(--ast-global-color-4)","background-image":"","background-repeat":"repeat","background-position":"center center","background-size":"auto","background-attachment":"scroll","background-type":"","background-media":"","overlay-type":"","overlay-color":"","overlay-opacity":"","overlay-gradient":""},"tablet":{"background-color":"","background-image":"","background-repeat":"repeat","background-position":"center center","background-size":"auto","background-attachment":"scroll","background-type":"","background-media":"","overlay-type":"","overlay-color":"","overlay-opacity":"","overlay-gradient":""},"mobile":{"background-color":"","background-image":"","background-repeat":"repeat","background-position":"center center","background-size":"auto","background-attachment":"scroll","background-type":"","background-media":"","overlay-type":"","overlay-color":"","overlay-opacity":"","overlay-gradient":""}},"ast-content-background-meta":{"desktop":{"background-color":"var(--ast-global-color-5)","background-image":"","background-repeat":"repeat","background-position":"center center","background-size":"auto","background-attachment":"scroll","background-type":"","background-media":"","overlay-type":"","overlay-color":"","overlay-opacity":"","overlay-gradient":""},"tablet":{"background-color":"var(--ast-global-color-5)","background-image":"","background-repeat":"repeat","background-position":"center center","background-size":"auto","background-attachment":"scroll","background-type":"","background-media":"","overlay-type":"","overlay-color":"","overlay-opacity":"","overlay-gradient":""},"mobile":{"background-color":"var(--ast-global-color-5)","background-image":"","background-repeat":"repeat","background-position":"center center","background-size":"auto","background-attachment":"scroll","background-type":"","background-media":"","overlay-type":"","overlay-color":"","overlay-opacity":"","overlay-gradient":""}},"footnotes":""},"categories":[443],"tags":[],"class_list":["post-18766","post","type-post","status-publish","format-standard","has-post-thumbnail","hentry","category-interiorismo-y-muebles"],"_links":{"self":[{"href":"https:\/\/maieroffice.cat\/es\/wp-json\/wp\/v2\/posts\/18766","targetHints":{"allow":["GET"]}}],"collection":[{"href":"https:\/\/maieroffice.cat\/es\/wp-json\/wp\/v2\/posts"}],"about":[{"href":"https:\/\/maieroffice.cat\/es\/wp-json\/wp\/v2\/types\/post"}],"author":[{"embeddable":true,"href":"https:\/\/maieroffice.cat\/es\/wp-json\/wp\/v2\/users\/1"}],"replies":[{"embeddable":true,"href":"https:\/\/maieroffice.cat\/es\/wp-json\/wp\/v2\/comments?post=18766"}],"version-history":[{"count":0,"href":"https:\/\/maieroffice.cat\/es\/wp-json\/wp\/v2\/posts\/18766\/revisions"}],"wp:featuredmedia":[{"embeddable":true,"href":"https:\/\/maieroffice.cat\/es\/wp-json\/wp\/v2\/media\/13418"}],"wp:attachment":[{"href":"https:\/\/maieroffice.cat\/es\/wp-json\/wp\/v2\/media?parent=18766"}],"wp:term":[{"taxonomy":"category","embeddable":true,"href":"https:\/\/maieroffice.cat\/es\/wp-json\/wp\/v2\/categories?post=18766"},{"taxonomy":"post_tag","embeddable":true,"href":"https:\/\/maieroffice.cat\/es\/wp-json\/wp\/v2\/tags?post=18766"}],"curies":[{"name":"wp","href":"https:\/\/api.w.org\/{rel}","templated":true}]}}