{"id":18763,"date":"2015-06-01T23:00:00","date_gmt":"2015-06-01T23:00:00","guid":{"rendered":"https:\/\/maieroffice.cat\/silla-quarterback-precio-especial\/"},"modified":"2022-10-26T11:03:38","modified_gmt":"2022-10-26T11:03:38","slug":"silla-quarterback-precio-especial","status":"publish","type":"post","link":"https:\/\/maieroffice.cat\/es\/silla-quarterback-precio-especial\/","title":{"rendered":"Silla Quarterback &#8211; \u00a1Precio especial!"},"content":{"rendered":"<p>Como quiz\u00e1s ya sabr\u00e1, en el showroom de MaierOffice tenemos muchos productos de las mejores marcas a un precio muy especial!<\/p>\n<p>En esta ocasi\u00f3n, disponemos de 8 sillas Quarterback de Sedus. Sus caracter\u00edsticas son:<\/p>\n<ul>\n<li>Silla giratoria con ruedas.<\/li>\n<li class=\"p1\"><span class=\"s1\">Respaldo con membrana tensada modelo Gabriel Atlantic color rojo.<\/span><\/li>\n<li class=\"p1\"><span class=\"s1\">Asiento desplazable modelo Gabriel Atlantic color rojo.<\/span><\/li>\n<li class=\"p1\"><span class=\"s1\">Marco del respaldo poliamida color Negro.<\/span><\/li>\n<li class=\"p1\"><span class=\"s1\">Ajuste de tensi\u00f3n r\u00e1pida e inclinaci\u00f3n negativa de 4\u00b0.<\/span><\/li>\n<li class=\"p1\"><span class=\"s1\">Pist\u00f3n de gas con amortizaci\u00f3n mec\u00e1nica.<\/span><\/li>\n<li class=\"p1\"><span class=\"s1\">Base de pl\u00e1stico color Negro.<\/span><\/li>\n<li class=\"p1\"><span class=\"s1\">Brazos poliamida regulables en altura de color negro.<\/span><\/li>\n<li class=\"p1\"><span class=\"s1\">Refuerzo lumbar integrado, ajustable a 80mm.<\/span><\/li>\n<\/ul>\n<p>Su precio original es de 571 \u20ac. Ven al <strong>showroom de MaierOffice (c\/Nou, 52-54 Sant Mart\u00ed de Centelles<\/strong> ) y te la podr\u00e1s llevar por 299\u20ac + IVA. \u00a1No lo pienses mucho, s\u00f3lo tenemos 8 unidades!<\/p>\n<p>&nbsp;<\/p>\n<p><a href=\"http:\/\/maieroffice.cat\/wp-content\/uploads\/2022\/06\/Cadira-Quarterback-de-Sedus.png\"><img fetchpriority=\"high\" decoding=\"async\" class=\"alignnone wp-image-4376 size-large\" title=\" Silla Quarterback de Sedus\" src=\"http:\/\/maieroffice.cat\/wp-content\/uploads\/2022\/06\/Cadira-Quarterback-de-Sedus-1024x1024.png\" alt=\" Silla Quarterback de Sedus\" width=\"1000\" height=\"1000\"><\/a><\/p>\n","protected":false},"excerpt":{"rendered":"<p>Como quiz\u00e1s ya sabr\u00e1, en el showroom de MaierOffice tenemos muchos productos de las mejores marcas a un precio muy especial! En esta ocasi\u00f3n, disponemos de 8 sillas Quarterback de Sedus. Sus caracter\u00edsticas son: Silla giratoria con ruedas. Respaldo con membrana tensada modelo Gabriel Atlantic color rojo. Asiento desplazable modelo Gabriel Atlantic color rojo. Marco [&hellip;]<\/p>\n","protected":false},"author":1,"featured_media":13448,"comment_status":"open","ping_status":"open","sticky":false,"template":"","format":"standard","meta":{"site-sidebar-layout":"default","site-content-layout":"","ast-site-content-layout":"default","site-content-style":"default","site-sidebar-style":"default","ast-global-header-display":"","ast-banner-title-visibility":"","ast-main-header-display":"","ast-hfb-above-header-display":"","ast-hfb-below-header-display":"","ast-hfb-mobile-header-display":"","site-post-title":"","ast-breadcrumbs-content":"","ast-featured-img":"","footer-sml-layout":"","ast-disable-related-posts":"","theme-transparent-header-meta":"","adv-header-id-meta":"","stick-header-meta":"","header-above-stick-meta":"","header-main-stick-meta":"","header-below-stick-meta":"","astra-migrate-meta-layouts":"default","ast-page-background-enabled":"default","ast-page-background-meta":{"desktop":{"background-color":"var(--ast-global-color-4)","background-image":"","background-repeat":"repeat","background-position":"center center","background-size":"auto","background-attachment":"scroll","background-type":"","background-media":"","overlay-type":"","overlay-color":"","overlay-opacity":"","overlay-gradient":""},"tablet":{"background-color":"","background-image":"","background-repeat":"repeat","background-position":"center center","background-size":"auto","background-attachment":"scroll","background-type":"","background-media":"","overlay-type":"","overlay-color":"","overlay-opacity":"","overlay-gradient":""},"mobile":{"background-color":"","background-image":"","background-repeat":"repeat","background-position":"center center","background-size":"auto","background-attachment":"scroll","background-type":"","background-media":"","overlay-type":"","overlay-color":"","overlay-opacity":"","overlay-gradient":""}},"ast-content-background-meta":{"desktop":{"background-color":"var(--ast-global-color-5)","background-image":"","background-repeat":"repeat","background-position":"center center","background-size":"auto","background-attachment":"scroll","background-type":"","background-media":"","overlay-type":"","overlay-color":"","overlay-opacity":"","overlay-gradient":""},"tablet":{"background-color":"var(--ast-global-color-5)","background-image":"","background-repeat":"repeat","background-position":"center center","background-size":"auto","background-attachment":"scroll","background-type":"","background-media":"","overlay-type":"","overlay-color":"","overlay-opacity":"","overlay-gradient":""},"mobile":{"background-color":"var(--ast-global-color-5)","background-image":"","background-repeat":"repeat","background-position":"center center","background-size":"auto","background-attachment":"scroll","background-type":"","background-media":"","overlay-type":"","overlay-color":"","overlay-opacity":"","overlay-gradient":""}},"footnotes":""},"categories":[443],"tags":[],"class_list":["post-18763","post","type-post","status-publish","format-standard","has-post-thumbnail","hentry","category-interiorismo-y-muebles"],"_links":{"self":[{"href":"https:\/\/maieroffice.cat\/es\/wp-json\/wp\/v2\/posts\/18763","targetHints":{"allow":["GET"]}}],"collection":[{"href":"https:\/\/maieroffice.cat\/es\/wp-json\/wp\/v2\/posts"}],"about":[{"href":"https:\/\/maieroffice.cat\/es\/wp-json\/wp\/v2\/types\/post"}],"author":[{"embeddable":true,"href":"https:\/\/maieroffice.cat\/es\/wp-json\/wp\/v2\/users\/1"}],"replies":[{"embeddable":true,"href":"https:\/\/maieroffice.cat\/es\/wp-json\/wp\/v2\/comments?post=18763"}],"version-history":[{"count":0,"href":"https:\/\/maieroffice.cat\/es\/wp-json\/wp\/v2\/posts\/18763\/revisions"}],"wp:featuredmedia":[{"embeddable":true,"href":"https:\/\/maieroffice.cat\/es\/wp-json\/wp\/v2\/media\/13448"}],"wp:attachment":[{"href":"https:\/\/maieroffice.cat\/es\/wp-json\/wp\/v2\/media?parent=18763"}],"wp:term":[{"taxonomy":"category","embeddable":true,"href":"https:\/\/maieroffice.cat\/es\/wp-json\/wp\/v2\/categories?post=18763"},{"taxonomy":"post_tag","embeddable":true,"href":"https:\/\/maieroffice.cat\/es\/wp-json\/wp\/v2\/tags?post=18763"}],"curies":[{"name":"wp","href":"https:\/\/api.w.org\/{rel}","templated":true}]}}