{"id":18758,"date":"2014-11-24T23:00:00","date_gmt":"2014-11-24T23:00:00","guid":{"rendered":"https:\/\/maieroffice.cat\/inny-emprendeduria-joven\/"},"modified":"2022-10-26T11:01:11","modified_gmt":"2022-10-26T11:01:11","slug":"inny-emprendeduria-joven","status":"publish","type":"post","link":"https:\/\/maieroffice.cat\/es\/inny-emprendeduria-joven\/","title":{"rendered":"INNY, emprendedur\u00eda joven"},"content":{"rendered":"<p style=\"text-align: justify;\">Hoy queremos dedicar este post a <a href=\"http:\/\/www.inny.cat\" target=\"_blank\" rel=\"noopener noreferrer\">Inny<\/a> . Se trata de una organizaci\u00f3n sin \u00e1nimo de lucro dedicada a la difusi\u00f3n del emprendimiento y formada por un conjunto de j\u00f3venes que viven experiencias emprendedoras y tienen ganas de compartirlas.<\/p>\n<p style=\"text-align: justify;\">Su objetivo es transmitir a todos los j\u00f3venes c\u00f3mo utilizar cualquier tipo de actitud o aptitud que hayan adquirido para aplicarla tanto a nivel personal como profesional o educativo, ya que consideran esta capacidad una de las bases primordiales del \u00e9xito.<\/p>\n<p style=\"text-align: justify;\">Ofrecen actos de hora y media de duraci\u00f3n, con cuatro ponencias de 15 minutos seguidas de un turno de preguntas\/respuestas de media hora. Inny tiene tres v\u00edas de operaci\u00f3n, todas ellas de forma gratuita y con presencia en cualquier localidad del territorio catal\u00e1n.<\/p>\n<p style=\"text-align: justify;\">\u00a1En Maieroffice hemos querido colaborar con ellos y les hemos cedido 4 sillas de Vitra y una moqueta de Interface para ayudarles a hacer una buena puesta en escena!<\/p>\n<p><a href=\"http:\/\/maieroffice.cat\/wp-content\/uploads\/2022\/06\/10750345_847545055266752_7044799261317515973_o.jpg\"><img fetchpriority=\"high\" decoding=\"async\" class=\"alignnone size-large wp-image-3159 aligncenter\" src=\"http:\/\/maieroffice.cat\/wp-content\/uploads\/2022\/06\/10750345_847545055266752_7044799261317515973_o.jpg\" alt=\"10750345_847545055266752_7044799261317515973_o\" width=\"1000\" height=\"666\"><\/a><\/p>\n","protected":false},"excerpt":{"rendered":"<p>Hoy queremos dedicar este post a Inny . Se trata de una organizaci\u00f3n sin \u00e1nimo de lucro dedicada a la difusi\u00f3n del emprendimiento y formada por un conjunto de j\u00f3venes que viven experiencias emprendedoras y tienen ganas de compartirlas. Su objetivo es transmitir a todos los j\u00f3venes c\u00f3mo utilizar cualquier tipo de actitud o aptitud [&hellip;]<\/p>\n","protected":false},"author":1,"featured_media":13420,"comment_status":"open","ping_status":"open","sticky":false,"template":"","format":"standard","meta":{"site-sidebar-layout":"default","site-content-layout":"","ast-site-content-layout":"default","site-content-style":"default","site-sidebar-style":"default","ast-global-header-display":"","ast-banner-title-visibility":"","ast-main-header-display":"","ast-hfb-above-header-display":"","ast-hfb-below-header-display":"","ast-hfb-mobile-header-display":"","site-post-title":"","ast-breadcrumbs-content":"","ast-featured-img":"","footer-sml-layout":"","ast-disable-related-posts":"","theme-transparent-header-meta":"","adv-header-id-meta":"","stick-header-meta":"","header-above-stick-meta":"","header-main-stick-meta":"","header-below-stick-meta":"","astra-migrate-meta-layouts":"default","ast-page-background-enabled":"default","ast-page-background-meta":{"desktop":{"background-color":"var(--ast-global-color-4)","background-image":"","background-repeat":"repeat","background-position":"center center","background-size":"auto","background-attachment":"scroll","background-type":"","background-media":"","overlay-type":"","overlay-color":"","overlay-opacity":"","overlay-gradient":""},"tablet":{"background-color":"","background-image":"","background-repeat":"repeat","background-position":"center center","background-size":"auto","background-attachment":"scroll","background-type":"","background-media":"","overlay-type":"","overlay-color":"","overlay-opacity":"","overlay-gradient":""},"mobile":{"background-color":"","background-image":"","background-repeat":"repeat","background-position":"center center","background-size":"auto","background-attachment":"scroll","background-type":"","background-media":"","overlay-type":"","overlay-color":"","overlay-opacity":"","overlay-gradient":""}},"ast-content-background-meta":{"desktop":{"background-color":"var(--ast-global-color-5)","background-image":"","background-repeat":"repeat","background-position":"center center","background-size":"auto","background-attachment":"scroll","background-type":"","background-media":"","overlay-type":"","overlay-color":"","overlay-opacity":"","overlay-gradient":""},"tablet":{"background-color":"var(--ast-global-color-5)","background-image":"","background-repeat":"repeat","background-position":"center center","background-size":"auto","background-attachment":"scroll","background-type":"","background-media":"","overlay-type":"","overlay-color":"","overlay-opacity":"","overlay-gradient":""},"mobile":{"background-color":"var(--ast-global-color-5)","background-image":"","background-repeat":"repeat","background-position":"center center","background-size":"auto","background-attachment":"scroll","background-type":"","background-media":"","overlay-type":"","overlay-color":"","overlay-opacity":"","overlay-gradient":""}},"footnotes":""},"categories":[442,443],"tags":[],"class_list":["post-18758","post","type-post","status-publish","format-standard","has-post-thumbnail","hentry","category-impresion-y-digitalizacion","category-interiorismo-y-muebles"],"_links":{"self":[{"href":"https:\/\/maieroffice.cat\/es\/wp-json\/wp\/v2\/posts\/18758","targetHints":{"allow":["GET"]}}],"collection":[{"href":"https:\/\/maieroffice.cat\/es\/wp-json\/wp\/v2\/posts"}],"about":[{"href":"https:\/\/maieroffice.cat\/es\/wp-json\/wp\/v2\/types\/post"}],"author":[{"embeddable":true,"href":"https:\/\/maieroffice.cat\/es\/wp-json\/wp\/v2\/users\/1"}],"replies":[{"embeddable":true,"href":"https:\/\/maieroffice.cat\/es\/wp-json\/wp\/v2\/comments?post=18758"}],"version-history":[{"count":0,"href":"https:\/\/maieroffice.cat\/es\/wp-json\/wp\/v2\/posts\/18758\/revisions"}],"wp:featuredmedia":[{"embeddable":true,"href":"https:\/\/maieroffice.cat\/es\/wp-json\/wp\/v2\/media\/13420"}],"wp:attachment":[{"href":"https:\/\/maieroffice.cat\/es\/wp-json\/wp\/v2\/media?parent=18758"}],"wp:term":[{"taxonomy":"category","embeddable":true,"href":"https:\/\/maieroffice.cat\/es\/wp-json\/wp\/v2\/categories?post=18758"},{"taxonomy":"post_tag","embeddable":true,"href":"https:\/\/maieroffice.cat\/es\/wp-json\/wp\/v2\/tags?post=18758"}],"curies":[{"name":"wp","href":"https:\/\/api.w.org\/{rel}","templated":true}]}}