{"id":18753,"date":"2022-07-20T23:00:00","date_gmt":"2022-07-20T23:00:00","guid":{"rendered":"https:\/\/maieroffice.cat\/el-mobiliario-de-oficina-y-la-zona-de-descanso\/"},"modified":"2022-10-26T10:57:27","modified_gmt":"2022-10-26T10:57:27","slug":"el-mobiliario-de-oficina-y-la-zona-de-descanso","status":"publish","type":"post","link":"https:\/\/maieroffice.cat\/es\/el-mobiliario-de-oficina-y-la-zona-de-descanso\/","title":{"rendered":"El mobiliario de oficina y la zona de descanso"},"content":{"rendered":"<p><strong>Trabajar durante muchas horas seguidas acaba afectando a la concentraci\u00f3n y, consecuentemente, al rendimiento de los trabajadores<\/strong> . De ah\u00ed que cada vez m\u00e1s empresas incorporen en sus oficinas un \u00e1rea ajena al espacio de trabajo, una <a href=\"https:\/\/www.pinterest.com\/MaierOffice\/zones-de-descans\/\" target=\"_blank\" rel=\"noopener\"><strong>zona de descanso<\/strong><\/a> . Se trata de una tendencia que lleva a\u00f1os extendida en el norte de Europa, donde la cultura empresarial habitual hace una fuerte apuesta por los encuentros informales y creativos entre miembros de la empresa.<\/p>\n<p>Al planificar este espacio, de entrada es necesario plantear las funciones que debe cumplir, es decir, si debe ser un espacio de tranquilidad total, donde se pueda llevar a cabo alguna actividad, donde haya mucha relaci\u00f3n entre los usuarios o \u00e9stos tengan un momento m\u00e1s personal, etc. Una vez que esto se ha determinado, se puede empezar a pensar en el concepto, el <strong>mobiliario de oficina<\/strong> que incorporar\u00e1, etc.<\/p>\n<p>En este sentido, es necesario tomar las decisiones en torno a si ser\u00e1 un espacio interior o exterior, una zona abierta o cerrada, formal o informal, etc. y una vez decidido, se pasa a aspectos de dise\u00f1o. Es necesario decidir el <strong>estilo<\/strong> que debe seguir para poder ir escogiendo los colores predominantes, el <strong>mobiliario de oficina<\/strong> que se incorporar\u00e1, los accesorios y objetos a incorporar, etc.<\/p>\n<p>La elecci\u00f3n del mobiliario se convierte en uno de los aspectos m\u00e1s importantes a tener en cuenta, no tiene \u00fanicamente una influencia directa en el confort de los trabajadores, tambi\u00e9n contribuye a transmitir el concepto y la idea que se quiere otorgar a este espacio y determina su est\u00e9tica y el estilo.<\/p>\n<p>De esta manera, la zona de descanso se convierte en uno de los espacios de la oficina que otorga <strong>mayor libertad en temas de dise\u00f1o<\/strong> , sin olvidar que se convierte en una <strong>muestra de la personalidad de la marca<\/strong> .<\/p>\n<p>&nbsp;<\/p>\n<p><a href=\"https:\/\/www.pinterest.com\/MaierOffice\/zones-de-descans\/\" target=\"_blank\" rel=\"noopener\"><strong>\u00bfQuieres ver algunas de las zonas de descanso m\u00e1s espectaculares? <\/strong><\/a><\/p>\n<p><a href=\"https:\/\/www.pinterest.com\/MaierOffice\/zones-de-descans\/\" target=\"_blank\" rel=\"noopener\"><strong><img fetchpriority=\"high\" decoding=\"async\" class=\" aligncenter wp-image-4814\" src=\"http:\/\/maieroffice.cat\/wp-content\/uploads\/2022\/06\/collage2-1024x576.jpg\" alt=\"zonas de descanso\" width=\"581\" height=\"327\"><\/strong><\/a><\/p>\n<p><img decoding=\"async\" class=\" aligncenter wp-image-4816\" src=\"http:\/\/maieroffice.cat\/wp-content\/uploads\/2022\/06\/collage1-1024x576.jpg\" alt=\"zonas de descanso\" width=\"582\" height=\"327\"><\/p>\n<p>&nbsp;<\/p>\n<p>&nbsp;<\/p>\n<p>&nbsp;<\/p>\n","protected":false},"excerpt":{"rendered":"<p>Trabajar durante muchas horas seguidas acaba afectando a la concentraci\u00f3n y, consecuentemente, al rendimiento de los trabajadores . De ah\u00ed que cada vez m\u00e1s empresas incorporen en sus oficinas un \u00e1rea ajena al espacio de trabajo, una zona de descanso . Se trata de una tendencia que lleva a\u00f1os extendida en el norte de Europa, [&hellip;]<\/p>\n","protected":false},"author":1,"featured_media":13483,"comment_status":"open","ping_status":"open","sticky":false,"template":"","format":"standard","meta":{"site-sidebar-layout":"default","site-content-layout":"","ast-site-content-layout":"default","site-content-style":"default","site-sidebar-style":"default","ast-global-header-display":"","ast-banner-title-visibility":"","ast-main-header-display":"","ast-hfb-above-header-display":"","ast-hfb-below-header-display":"","ast-hfb-mobile-header-display":"","site-post-title":"","ast-breadcrumbs-content":"","ast-featured-img":"","footer-sml-layout":"","ast-disable-related-posts":"","theme-transparent-header-meta":"","adv-header-id-meta":"","stick-header-meta":"","header-above-stick-meta":"","header-main-stick-meta":"","header-below-stick-meta":"","astra-migrate-meta-layouts":"default","ast-page-background-enabled":"default","ast-page-background-meta":{"desktop":{"background-color":"var(--ast-global-color-4)","background-image":"","background-repeat":"repeat","background-position":"center center","background-size":"auto","background-attachment":"scroll","background-type":"","background-media":"","overlay-type":"","overlay-color":"","overlay-opacity":"","overlay-gradient":""},"tablet":{"background-color":"","background-image":"","background-repeat":"repeat","background-position":"center center","background-size":"auto","background-attachment":"scroll","background-type":"","background-media":"","overlay-type":"","overlay-color":"","overlay-opacity":"","overlay-gradient":""},"mobile":{"background-color":"","background-image":"","background-repeat":"repeat","background-position":"center center","background-size":"auto","background-attachment":"scroll","background-type":"","background-media":"","overlay-type":"","overlay-color":"","overlay-opacity":"","overlay-gradient":""}},"ast-content-background-meta":{"desktop":{"background-color":"var(--ast-global-color-5)","background-image":"","background-repeat":"repeat","background-position":"center center","background-size":"auto","background-attachment":"scroll","background-type":"","background-media":"","overlay-type":"","overlay-color":"","overlay-opacity":"","overlay-gradient":""},"tablet":{"background-color":"var(--ast-global-color-5)","background-image":"","background-repeat":"repeat","background-position":"center center","background-size":"auto","background-attachment":"scroll","background-type":"","background-media":"","overlay-type":"","overlay-color":"","overlay-opacity":"","overlay-gradient":""},"mobile":{"background-color":"var(--ast-global-color-5)","background-image":"","background-repeat":"repeat","background-position":"center center","background-size":"auto","background-attachment":"scroll","background-type":"","background-media":"","overlay-type":"","overlay-color":"","overlay-opacity":"","overlay-gradient":""}},"footnotes":""},"categories":[443],"tags":[],"class_list":["post-18753","post","type-post","status-publish","format-standard","has-post-thumbnail","hentry","category-interiorismo-y-muebles"],"_links":{"self":[{"href":"https:\/\/maieroffice.cat\/es\/wp-json\/wp\/v2\/posts\/18753","targetHints":{"allow":["GET"]}}],"collection":[{"href":"https:\/\/maieroffice.cat\/es\/wp-json\/wp\/v2\/posts"}],"about":[{"href":"https:\/\/maieroffice.cat\/es\/wp-json\/wp\/v2\/types\/post"}],"author":[{"embeddable":true,"href":"https:\/\/maieroffice.cat\/es\/wp-json\/wp\/v2\/users\/1"}],"replies":[{"embeddable":true,"href":"https:\/\/maieroffice.cat\/es\/wp-json\/wp\/v2\/comments?post=18753"}],"version-history":[{"count":0,"href":"https:\/\/maieroffice.cat\/es\/wp-json\/wp\/v2\/posts\/18753\/revisions"}],"wp:featuredmedia":[{"embeddable":true,"href":"https:\/\/maieroffice.cat\/es\/wp-json\/wp\/v2\/media\/13483"}],"wp:attachment":[{"href":"https:\/\/maieroffice.cat\/es\/wp-json\/wp\/v2\/media?parent=18753"}],"wp:term":[{"taxonomy":"category","embeddable":true,"href":"https:\/\/maieroffice.cat\/es\/wp-json\/wp\/v2\/categories?post=18753"},{"taxonomy":"post_tag","embeddable":true,"href":"https:\/\/maieroffice.cat\/es\/wp-json\/wp\/v2\/tags?post=18753"}],"curies":[{"name":"wp","href":"https:\/\/api.w.org\/{rel}","templated":true}]}}