{"id":18750,"date":"2019-05-30T07:13:47","date_gmt":"2019-05-30T07:13:47","guid":{"rendered":"https:\/\/maieroffice.cat\/maxima-distincion-para-la-silla-silq-en-los-red-dot-design-awards\/"},"modified":"2022-10-26T10:45:31","modified_gmt":"2022-10-26T10:45:31","slug":"maxima-distincion-para-la-silla-silq-en-los-red-dot-design-awards","status":"publish","type":"post","link":"https:\/\/maieroffice.cat\/es\/maxima-distincion-para-la-silla-silq-en-los-red-dot-design-awards\/","title":{"rendered":"M\u00e1xima distinci\u00f3n para la silla SILQ en los Red Dot Design Awards"},"content":{"rendered":"<p>Una de las sillas de nuestro cat\u00e1logo, galardonada con uno de los premios de dise\u00f1o m\u00e1s importantes del mundo, Red Dot Best o the Best.<\/p>\n<p>En Maieroffice, hace ya unos a\u00f1os que incorporamos a nuestro cat\u00e1logo la <a href=\"https:\/\/maieroffice.cat\/mobles\/silq\/\">silla SILQ<\/a> del fabricante <a href=\"https:\/\/maieroffice.cat\/mobles-oficina\/steelcase\/\">Steelcase<\/a> , una silla con un estilo inconfundible y con formas que se adaptan completamente a los movimientos del cuerpo humano.<\/p>\n<h2>M\u00e1xima distinci\u00f3n de los premios Red Dot Design Awards<\/h2>\n<p><a href=\"https:\/\/maieroffice.cat\/mobles\/silq\/\"><img fetchpriority=\"high\" decoding=\"async\" class=\"alignleft wp-image-2394 size-medium\" src=\"http:\/\/maieroffice.cat\/wp-content\/uploads\/2022\/03\/SILQ.jpg\" alt=\"Silla SILQ de Steelcase\" width=\"300\" height=\"300\"><\/a><\/p>\n<p>Los <a href=\"https:\/\/www.red-dot.org\/\" target=\"_blank\" rel=\"noopener noreferrer\">premios Red Dot Design Awards<\/a> constituyen una de las mayores competiciones de dise\u00f1o del mundo, y la silla SILQ de Steelcase ha recibido la m\u00e1xima distinci\u00f3n. La silla ha ganado el premio Red Dot Best of the Best en la categor\u00eda de dise\u00f1o de productos entre 5.500 productos presentados.<\/p>\n<p>El jurado ha valorado la innovaci\u00f3n de la silla por su sencillez, basada en formas org\u00e1nicas.<\/p>\n<p>SILQ es una innovaci\u00f3n sin precedentes en dise\u00f1o de sillas que responde de forma intuitiva a los movimientos naturales del cuerpo humano.<\/p>\n<p>Ideal para su uso en oficinas como silla giratoria para salas de reuniones o silla operativa.<\/p>\n","protected":false},"excerpt":{"rendered":"<p>Una de las sillas de nuestro cat\u00e1logo, galardonada con uno de los premios de dise\u00f1o m\u00e1s importantes del mundo, Red Dot Best o the Best. En Maieroffice, hace ya unos a\u00f1os que incorporamos a nuestro cat\u00e1logo la silla SILQ del fabricante Steelcase , una silla con un estilo inconfundible y con formas que se adaptan [&hellip;]<\/p>\n","protected":false},"author":1,"featured_media":13519,"comment_status":"open","ping_status":"open","sticky":false,"template":"","format":"standard","meta":{"site-sidebar-layout":"default","site-content-layout":"","ast-site-content-layout":"default","site-content-style":"default","site-sidebar-style":"default","ast-global-header-display":"","ast-banner-title-visibility":"","ast-main-header-display":"","ast-hfb-above-header-display":"","ast-hfb-below-header-display":"","ast-hfb-mobile-header-display":"","site-post-title":"","ast-breadcrumbs-content":"","ast-featured-img":"","footer-sml-layout":"","ast-disable-related-posts":"","theme-transparent-header-meta":"","adv-header-id-meta":"","stick-header-meta":"","header-above-stick-meta":"","header-main-stick-meta":"","header-below-stick-meta":"","astra-migrate-meta-layouts":"default","ast-page-background-enabled":"default","ast-page-background-meta":{"desktop":{"background-color":"var(--ast-global-color-4)","background-image":"","background-repeat":"repeat","background-position":"center center","background-size":"auto","background-attachment":"scroll","background-type":"","background-media":"","overlay-type":"","overlay-color":"","overlay-opacity":"","overlay-gradient":""},"tablet":{"background-color":"","background-image":"","background-repeat":"repeat","background-position":"center center","background-size":"auto","background-attachment":"scroll","background-type":"","background-media":"","overlay-type":"","overlay-color":"","overlay-opacity":"","overlay-gradient":""},"mobile":{"background-color":"","background-image":"","background-repeat":"repeat","background-position":"center center","background-size":"auto","background-attachment":"scroll","background-type":"","background-media":"","overlay-type":"","overlay-color":"","overlay-opacity":"","overlay-gradient":""}},"ast-content-background-meta":{"desktop":{"background-color":"var(--ast-global-color-5)","background-image":"","background-repeat":"repeat","background-position":"center center","background-size":"auto","background-attachment":"scroll","background-type":"","background-media":"","overlay-type":"","overlay-color":"","overlay-opacity":"","overlay-gradient":""},"tablet":{"background-color":"var(--ast-global-color-5)","background-image":"","background-repeat":"repeat","background-position":"center center","background-size":"auto","background-attachment":"scroll","background-type":"","background-media":"","overlay-type":"","overlay-color":"","overlay-opacity":"","overlay-gradient":""},"mobile":{"background-color":"var(--ast-global-color-5)","background-image":"","background-repeat":"repeat","background-position":"center center","background-size":"auto","background-attachment":"scroll","background-type":"","background-media":"","overlay-type":"","overlay-color":"","overlay-opacity":"","overlay-gradient":""}},"footnotes":""},"categories":[443],"tags":[],"class_list":["post-18750","post","type-post","status-publish","format-standard","has-post-thumbnail","hentry","category-interiorismo-y-muebles"],"_links":{"self":[{"href":"https:\/\/maieroffice.cat\/es\/wp-json\/wp\/v2\/posts\/18750","targetHints":{"allow":["GET"]}}],"collection":[{"href":"https:\/\/maieroffice.cat\/es\/wp-json\/wp\/v2\/posts"}],"about":[{"href":"https:\/\/maieroffice.cat\/es\/wp-json\/wp\/v2\/types\/post"}],"author":[{"embeddable":true,"href":"https:\/\/maieroffice.cat\/es\/wp-json\/wp\/v2\/users\/1"}],"replies":[{"embeddable":true,"href":"https:\/\/maieroffice.cat\/es\/wp-json\/wp\/v2\/comments?post=18750"}],"version-history":[{"count":0,"href":"https:\/\/maieroffice.cat\/es\/wp-json\/wp\/v2\/posts\/18750\/revisions"}],"wp:featuredmedia":[{"embeddable":true,"href":"https:\/\/maieroffice.cat\/es\/wp-json\/wp\/v2\/media\/13519"}],"wp:attachment":[{"href":"https:\/\/maieroffice.cat\/es\/wp-json\/wp\/v2\/media?parent=18750"}],"wp:term":[{"taxonomy":"category","embeddable":true,"href":"https:\/\/maieroffice.cat\/es\/wp-json\/wp\/v2\/categories?post=18750"},{"taxonomy":"post_tag","embeddable":true,"href":"https:\/\/maieroffice.cat\/es\/wp-json\/wp\/v2\/tags?post=18750"}],"curies":[{"name":"wp","href":"https:\/\/api.w.org\/{rel}","templated":true}]}}