{"id":18743,"date":"2020-01-09T06:00:48","date_gmt":"2020-01-09T06:00:48","guid":{"rendered":"https:\/\/maieroffice.cat\/caso-de-estudio-instalacion-de-paneles-fonoabsorbentes-y-suelo-vinilico-en-la-escuela-vedruna-de-manlleu\/"},"modified":"2022-10-26T10:44:43","modified_gmt":"2022-10-26T10:44:43","slug":"caso-de-estudio-instalacion-de-paneles-fonoabsorbentes-y-suelo-vinilico-en-la-escuela-vedruna-de-manlleu","status":"publish","type":"post","link":"https:\/\/maieroffice.cat\/es\/caso-de-estudio-instalacion-de-paneles-fonoabsorbentes-y-suelo-vinilico-en-la-escuela-vedruna-de-manlleu\/","title":{"rendered":"Caso de estudio &#8211; Instalaci\u00f3n de paneles fonoabsorbentes y suelo vin\u00edlico en la Escuela Vedruna de Manlleu"},"content":{"rendered":"<p>Los paneles fonoabsorbentes son una buena soluci\u00f3n para reducir la reverberaci\u00f3n en oficinas, aulas o salas de conferencias.<br \/>\n<!--more--><br \/>\nEn el caso de la <a href=\"http:\/\/www.carmevedrunamanlleu.org\/\" target=\"_blank\" rel=\"noopener noreferrer\">Escuela Vedruna de Manlleu<\/a> , se ha realizado una actuaci\u00f3n en 3 de las aulas de P3 y P4. Estas aulas son amplias y tienen el techo alto. Esto provoca que el sonido produzca un efecto de reverberaci\u00f3n importante.<\/p>\n<p>Con la instalaci\u00f3n de 6 <a href=\"https:\/\/maieroffice.cat\/mobles\/panells-acustics\/\">paneles fonoabsorbentes<\/a> Snowsound\u00ae Technology de Caimi en cada aula, se ha logrado reducir considerablemente este efecto. En el v\u00eddeo se puede comprobar la diferencia entre un aula con paneles en el techo y una sin ella.<\/p>\n<p>El cambio es evidente, y lo notan tanto los alumnos como los profesores.<\/p>\n<div class=\"ast-oembed-container \" style=\"height: 100%;\"><iframe title=\"Cas d&#039;estudi - Instal\u00b7laci\u00f3 de panells fonoabsorbents i terra vin\u00edlic a l&#039;Escola Vedruna de Manlleu\" width=\"500\" height=\"281\" src=\"https:\/\/www.youtube.com\/embed\/XwIe6K755I4?start=5&#038;feature=oembed\" frameborder=\"0\" allow=\"accelerometer; autoplay; clipboard-write; encrypted-media; gyroscope; picture-in-picture; web-share\" referrerpolicy=\"strict-origin-when-cross-origin\" allowfullscreen><\/iframe><\/div>\n<p>Adem\u00e1s de los paneles en las aulas se ha instalado un <a href=\"https:\/\/maieroffice.cat\/mobles\/paviment-vinilic\/\">suelo vin\u00edlico<\/a> que da calidez y comodidad para los ni\u00f1os a la hora de trabajar o jugar en el suelo.<\/p>\n<p>Con la actuaci\u00f3n, alumnos y profesores trabajan ahora con mayor comodidad y en un ambiente sonoro m\u00e1s agradable.<\/p>\n<div id='gallery-1' class='gallery galleryid-18743 gallery-columns-3 gallery-size-medium'><figure class='gallery-item'>\n\t\t\t<div class='gallery-icon portrait'>\n\t\t\t\t<a href=\"https:\/\/maieroffice.cat\/wp-content\/uploads\/2022\/06\/DSC_0005.jpg\"><img fetchpriority=\"high\" decoding=\"async\" width=\"200\" height=\"300\" src=\"https:\/\/maieroffice.cat\/wp-content\/uploads\/2022\/06\/DSC_0005-200x300.jpg\" class=\"attachment-medium size-medium\" alt=\"\" srcset=\"https:\/\/maieroffice.cat\/wp-content\/uploads\/2022\/06\/DSC_0005-200x300.jpg 200w, https:\/\/maieroffice.cat\/wp-content\/uploads\/2022\/06\/DSC_0005-681x1024.jpg 681w, https:\/\/maieroffice.cat\/wp-content\/uploads\/2022\/06\/DSC_0005-768x1155.jpg 768w, https:\/\/maieroffice.cat\/wp-content\/uploads\/2022\/06\/DSC_0005.jpg 798w\" sizes=\"(max-width: 200px) 100vw, 200px\"><\/a>\n\t\t\t<\/div><\/figure><figure class='gallery-item'>\n\t\t\t<div class='gallery-icon landscape'>\n\t\t\t\t<a href=\"https:\/\/maieroffice.cat\/wp-content\/uploads\/2022\/06\/DSC_0006.jpg\"><img decoding=\"async\" width=\"300\" height=\"183\" src=\"https:\/\/maieroffice.cat\/wp-content\/uploads\/2022\/06\/DSC_0006-300x183.jpg\" class=\"attachment-medium size-medium\" alt=\"\" srcset=\"https:\/\/maieroffice.cat\/wp-content\/uploads\/2022\/06\/DSC_0006-300x183.jpg 300w, https:\/\/maieroffice.cat\/wp-content\/uploads\/2022\/06\/DSC_0006-1024x624.jpg 1024w, https:\/\/maieroffice.cat\/wp-content\/uploads\/2022\/06\/DSC_0006-768x468.jpg 768w, https:\/\/maieroffice.cat\/wp-content\/uploads\/2022\/06\/DSC_0006.jpg 1200w\" sizes=\"(max-width: 300px) 100vw, 300px\"><\/a>\n\t\t\t<\/div><\/figure><figure class='gallery-item'>\n\t\t\t<div class='gallery-icon landscape'>\n\t\t\t\t<a href=\"https:\/\/maieroffice.cat\/wp-content\/uploads\/2022\/06\/DSC_0007.jpg\"><img decoding=\"async\" width=\"300\" height=\"180\" src=\"https:\/\/maieroffice.cat\/wp-content\/uploads\/2022\/06\/DSC_0007-300x180.jpg\" class=\"attachment-medium size-medium\" alt=\"\" srcset=\"https:\/\/maieroffice.cat\/wp-content\/uploads\/2022\/06\/DSC_0007-300x180.jpg 300w, https:\/\/maieroffice.cat\/wp-content\/uploads\/2022\/06\/DSC_0007-1024x613.jpg 1024w, https:\/\/maieroffice.cat\/wp-content\/uploads\/2022\/06\/DSC_0007-768x460.jpg 768w, https:\/\/maieroffice.cat\/wp-content\/uploads\/2022\/06\/DSC_0007.jpg 1200w\" sizes=\"(max-width: 300px) 100vw, 300px\"><\/a>\n\t\t\t<\/div><\/figure><figure class='gallery-item'>\n\t\t\t<div class='gallery-icon portrait'>\n\t\t\t\t<a href=\"https:\/\/maieroffice.cat\/wp-content\/uploads\/2022\/06\/DSC_0008.jpg\"><img loading=\"lazy\" decoding=\"async\" width=\"200\" height=\"300\" src=\"https:\/\/maieroffice.cat\/wp-content\/uploads\/2022\/06\/DSC_0008-200x300.jpg\" class=\"attachment-medium size-medium\" alt=\"\" srcset=\"https:\/\/maieroffice.cat\/wp-content\/uploads\/2022\/06\/DSC_0008-200x300.jpg 200w, https:\/\/maieroffice.cat\/wp-content\/uploads\/2022\/06\/DSC_0008-681x1024.jpg 681w, https:\/\/maieroffice.cat\/wp-content\/uploads\/2022\/06\/DSC_0008-768x1155.jpg 768w, https:\/\/maieroffice.cat\/wp-content\/uploads\/2022\/06\/DSC_0008.jpg 798w\" sizes=\"(max-width: 200px) 100vw, 200px\"><\/a>\n\t\t\t<\/div><\/figure><figure class='gallery-item'>\n\t\t\t<div class='gallery-icon portrait'>\n\t\t\t\t<a href=\"https:\/\/maieroffice.cat\/wp-content\/uploads\/2022\/06\/DSC_0010.jpg\"><img loading=\"lazy\" decoding=\"async\" width=\"200\" height=\"300\" src=\"https:\/\/maieroffice.cat\/wp-content\/uploads\/2022\/06\/DSC_0010-200x300.jpg\" class=\"attachment-medium size-medium\" alt=\"\" srcset=\"https:\/\/maieroffice.cat\/wp-content\/uploads\/2022\/06\/DSC_0010-200x300.jpg 200w, https:\/\/maieroffice.cat\/wp-content\/uploads\/2022\/06\/DSC_0010-681x1024.jpg 681w, https:\/\/maieroffice.cat\/wp-content\/uploads\/2022\/06\/DSC_0010-768x1155.jpg 768w, https:\/\/maieroffice.cat\/wp-content\/uploads\/2022\/06\/DSC_0010.jpg 798w\" sizes=\"(max-width: 200px) 100vw, 200px\"><\/a>\n\t\t\t<\/div><\/figure><figure class='gallery-item'>\n\t\t\t<div class='gallery-icon landscape'>\n\t\t\t\t<a href=\"https:\/\/maieroffice.cat\/wp-content\/uploads\/2022\/06\/DSC_0012.jpg\"><img loading=\"lazy\" decoding=\"async\" width=\"300\" height=\"200\" src=\"https:\/\/maieroffice.cat\/wp-content\/uploads\/2022\/06\/DSC_0012-300x200.jpg\" class=\"attachment-medium size-medium\" alt=\"\" srcset=\"https:\/\/maieroffice.cat\/wp-content\/uploads\/2022\/06\/DSC_0012-300x200.jpg 300w, https:\/\/maieroffice.cat\/wp-content\/uploads\/2022\/06\/DSC_0012-1024x681.jpg 1024w, https:\/\/maieroffice.cat\/wp-content\/uploads\/2022\/06\/DSC_0012-768x511.jpg 768w, https:\/\/maieroffice.cat\/wp-content\/uploads\/2022\/06\/DSC_0012.jpg 1200w\" sizes=\"(max-width: 300px) 100vw, 300px\"><\/a>\n\t\t\t<\/div><\/figure><figure class='gallery-item'>\n\t\t\t<div class='gallery-icon landscape'>\n\t\t\t\t<a href=\"https:\/\/maieroffice.cat\/wp-content\/uploads\/2022\/06\/DSC_0023.jpg\"><img loading=\"lazy\" decoding=\"async\" width=\"300\" height=\"200\" src=\"https:\/\/maieroffice.cat\/wp-content\/uploads\/2022\/06\/DSC_0023-300x200.jpg\" class=\"attachment-medium size-medium\" alt=\"\" srcset=\"https:\/\/maieroffice.cat\/wp-content\/uploads\/2022\/06\/DSC_0023-300x200.jpg 300w, https:\/\/maieroffice.cat\/wp-content\/uploads\/2022\/06\/DSC_0023-1024x681.jpg 1024w, https:\/\/maieroffice.cat\/wp-content\/uploads\/2022\/06\/DSC_0023-768x511.jpg 768w, https:\/\/maieroffice.cat\/wp-content\/uploads\/2022\/06\/DSC_0023.jpg 1200w\" sizes=\"(max-width: 300px) 100vw, 300px\"><\/a>\n\t\t\t<\/div><\/figure>\n\t\t<\/div>\n\n","protected":false},"excerpt":{"rendered":"<p>Los paneles fonoabsorbentes son una buena soluci\u00f3n para reducir la reverberaci\u00f3n en oficinas, aulas o salas de conferencias.<\/p>\n","protected":false},"author":1,"featured_media":13553,"comment_status":"open","ping_status":"open","sticky":false,"template":"","format":"standard","meta":{"site-sidebar-layout":"default","site-content-layout":"","ast-site-content-layout":"default","site-content-style":"default","site-sidebar-style":"default","ast-global-header-display":"","ast-banner-title-visibility":"","ast-main-header-display":"","ast-hfb-above-header-display":"","ast-hfb-below-header-display":"","ast-hfb-mobile-header-display":"","site-post-title":"","ast-breadcrumbs-content":"","ast-featured-img":"","footer-sml-layout":"","ast-disable-related-posts":"","theme-transparent-header-meta":"","adv-header-id-meta":"","stick-header-meta":"","header-above-stick-meta":"","header-main-stick-meta":"","header-below-stick-meta":"","astra-migrate-meta-layouts":"default","ast-page-background-enabled":"default","ast-page-background-meta":{"desktop":{"background-color":"var(--ast-global-color-4)","background-image":"","background-repeat":"repeat","background-position":"center center","background-size":"auto","background-attachment":"scroll","background-type":"","background-media":"","overlay-type":"","overlay-color":"","overlay-opacity":"","overlay-gradient":""},"tablet":{"background-color":"","background-image":"","background-repeat":"repeat","background-position":"center center","background-size":"auto","background-attachment":"scroll","background-type":"","background-media":"","overlay-type":"","overlay-color":"","overlay-opacity":"","overlay-gradient":""},"mobile":{"background-color":"","background-image":"","background-repeat":"repeat","background-position":"center center","background-size":"auto","background-attachment":"scroll","background-type":"","background-media":"","overlay-type":"","overlay-color":"","overlay-opacity":"","overlay-gradient":""}},"ast-content-background-meta":{"desktop":{"background-color":"var(--ast-global-color-5)","background-image":"","background-repeat":"repeat","background-position":"center center","background-size":"auto","background-attachment":"scroll","background-type":"","background-media":"","overlay-type":"","overlay-color":"","overlay-opacity":"","overlay-gradient":""},"tablet":{"background-color":"var(--ast-global-color-5)","background-image":"","background-repeat":"repeat","background-position":"center center","background-size":"auto","background-attachment":"scroll","background-type":"","background-media":"","overlay-type":"","overlay-color":"","overlay-opacity":"","overlay-gradient":""},"mobile":{"background-color":"var(--ast-global-color-5)","background-image":"","background-repeat":"repeat","background-position":"center center","background-size":"auto","background-attachment":"scroll","background-type":"","background-media":"","overlay-type":"","overlay-color":"","overlay-opacity":"","overlay-gradient":""}},"footnotes":""},"categories":[443],"tags":[],"class_list":["post-18743","post","type-post","status-publish","format-standard","has-post-thumbnail","hentry","category-interiorismo-y-muebles"],"_links":{"self":[{"href":"https:\/\/maieroffice.cat\/es\/wp-json\/wp\/v2\/posts\/18743","targetHints":{"allow":["GET"]}}],"collection":[{"href":"https:\/\/maieroffice.cat\/es\/wp-json\/wp\/v2\/posts"}],"about":[{"href":"https:\/\/maieroffice.cat\/es\/wp-json\/wp\/v2\/types\/post"}],"author":[{"embeddable":true,"href":"https:\/\/maieroffice.cat\/es\/wp-json\/wp\/v2\/users\/1"}],"replies":[{"embeddable":true,"href":"https:\/\/maieroffice.cat\/es\/wp-json\/wp\/v2\/comments?post=18743"}],"version-history":[{"count":0,"href":"https:\/\/maieroffice.cat\/es\/wp-json\/wp\/v2\/posts\/18743\/revisions"}],"wp:featuredmedia":[{"embeddable":true,"href":"https:\/\/maieroffice.cat\/es\/wp-json\/wp\/v2\/media\/13553"}],"wp:attachment":[{"href":"https:\/\/maieroffice.cat\/es\/wp-json\/wp\/v2\/media?parent=18743"}],"wp:term":[{"taxonomy":"category","embeddable":true,"href":"https:\/\/maieroffice.cat\/es\/wp-json\/wp\/v2\/categories?post=18743"},{"taxonomy":"post_tag","embeddable":true,"href":"https:\/\/maieroffice.cat\/es\/wp-json\/wp\/v2\/tags?post=18743"}],"curies":[{"name":"wp","href":"https:\/\/api.w.org\/{rel}","templated":true}]}}