{"id":18600,"date":"2022-10-22T12:17:02","date_gmt":"2022-10-22T12:17:02","guid":{"rendered":"https:\/\/maieroffice.cat\/nuevas-tendencias-de-interiorismo-en-aulas-y-educacion\/"},"modified":"2022-11-02T10:45:54","modified_gmt":"2022-11-02T10:45:54","slug":"nuevas-tendencias-de-interiorismo-en-aulas-y-educacion","status":"publish","type":"post","link":"https:\/\/maieroffice.cat\/es\/nuevas-tendencias-de-interiorismo-en-aulas-y-educacion\/","title":{"rendered":"Nuevas tendencias de interiorismo en aulas y educaci\u00f3n"},"content":{"rendered":"<p>La pandemia del coronavirus ha modificado los h\u00e1bitos de los estudiantes de los centros educativos de Catalu\u00f1a y esto se ha trasladado a las nuevas necesidades de los alumnos en el aula.<!--more--><\/p>\n<h2 class=\"p1\">Pandemia COVID-19: digitalizaci\u00f3n forzada<\/h2>\n<p class=\"p1\">El 12 de marzo de 2020 es un d\u00eda que ha quedado se\u00f1alado en la mente de profesores y alumnos. En Catalu\u00f1a se tomaba una medida in\u00e9dita hasta el momento. Escuelas e institutos cerraban sus puertas y las universidades suspend\u00edan las clases por el coronavirus. Una medida tomada por el gobierno catal\u00e1n que dejaba en casa a 1.600.000 alumnos y casi 80.000 docentes de guarder\u00edas, escuelas e institutos. En total, m\u00e1s de 5.400 centros. En las universidades afect\u00f3 a unos 200.000 estudiantes ya unos 20.000 profesores.<\/p>\n<p class=\"p1\">Las escuelas se apresuraron a pensar la forma de continuar con parte de las clases, a distancia, buscando soluciones como las reuniones v\u00eda Google Meet, zoom u otras plataformas, o compartiendo materiales con los alumnos a trav\u00e9s del correo electr\u00f3nico.<\/p>\n<p class=\"p1\">Durante la pandemia los estudiantes tuvieron que acostumbrarse a la interacci\u00f3n online.<span class=\"Apple-converted-space\"> <\/span><\/p>\n<p class=\"p1\">Durante el curso 2021-2022 la digitalizaci\u00f3n ha continuado, con especial \u00e9nfasis en los alumnos universitarios. Poco a poco, pero la presencialidad se va recuperando y es hora de volver a las aulas.<\/p>\n<h2 class=\"p1\">El campus omnicanal<\/h2>\n<p class=\"p1\">Los alumnos han cambiado y sus h\u00e1bitos en el entorno educativo tambi\u00e9n. El campus es ahora omnicanal. \u00bfQu\u00e9 significa esto? Que se mueve entre el entorno online y el offline.<\/p>\n<p class=\"p1\">La experiencia y los servicios se han digitalizado y la presencialidad y la virtualidad conviven con normalidad.<\/p>\n<p class=\"p1\">Este cambio provoca que haya llegado el momento de reimaginar el entorno educativo.<\/p>\n<h2 class=\"p1\">Smartlearning: Reimaginando el entorno educativo<\/h2>\n<p class=\"p1\">El smartlearning es una idea que nace durante los primeros a\u00f1os de la d\u00e9cada de 2010 de la mano de varios autores como Hwang (2014) y Scott &amp; Benlamri (2010), que le definen como un aprendizaje omnipresente apoyado por el uso de la tecnolog\u00eda.<\/p>\n<p class=\"p1\">El proceso del smartlearning se divide en 3 partes: PENSAR, HACER y COMPARTIR.<\/p>\n<p class=\"p1\">El fabricante de mobiliario Activo, ha hecho una propuesta para equipar los espacios de las aulas, escuelas y universidades pensando en estas 3 partes:<\/p>\n<h3 class=\"p1\">PENSAR: ganar conocimiento<\/h3>\n<p class=\"p1\">Espacios pensados para investigar, investigar, practicar las t\u00e9cnicas de brainstorming, analizar y trabajar el \u201cdesign thinking\u201d.<\/p>\n\n<p>\u00a0<\/p>\n\n<div class=\"wp-block-columns is-layout-flex wp-container-core-columns-is-layout-28f84493 wp-block-columns-is-layout-flex\">\n<div class=\"wp-block-column is-layout-flow wp-block-column-is-layout-flow\" style=\"flex-basis: 100%;\">\n<div class=\"wp-block-group is-layout-flow wp-block-group-is-layout-flow\">\n<div class=\"wp-block-columns is-layout-flex wp-container-core-columns-is-layout-28f84493 wp-block-columns-is-layout-flex\">\n<div class=\"wp-block-column is-layout-flow wp-block-column-is-layout-flow\" style=\"flex-basis: 100%;\">\n<div class=\"wp-block-group is-layout-flow wp-block-group-is-layout-flow\">\n<figure class=\"wp-block-gallery has-nested-images columns-default is-cropped wp-block-gallery-1 is-layout-flex wp-block-gallery-is-layout-flex\">\n<figure class=\"wp-block-image size-large\"><a href=\"http:\/\/maieroffice.cat\/wp-content\/uploads\/2022\/06\/espais-design-thinking.png\"><img decoding=\"async\" data-id=\"11606\" class=\"wp-image-11606\" src=\"http:\/\/maieroffice.cat\/wp-content\/uploads\/2022\/06\/espais-design-thinking.png\" alt=\"\"><\/a>\n<figcaption>Espacios de design thinking<\/figcaption>\n<\/figure>\n\n\n\n<figure class=\"wp-block-image size-large\"><a href=\"http:\/\/maieroffice.cat\/wp-content\/uploads\/2022\/06\/espais-brainstorming.png\"><img decoding=\"async\" data-id=\"11604\" class=\"wp-image-11604\" src=\"http:\/\/maieroffice.cat\/wp-content\/uploads\/2022\/06\/espais-brainstorming.png\" alt=\"\"><\/a>\n<figcaption>Espacios de brainstorming<\/figcaption>\n<\/figure>\n\n\n\n<figure class=\"wp-block-image size-large\"><a href=\"http:\/\/maieroffice.cat\/wp-content\/uploads\/2022\/06\/noves-biblioteques.png\"><img decoding=\"async\" data-id=\"11608\" class=\"wp-image-11608\" src=\"http:\/\/maieroffice.cat\/wp-content\/uploads\/2022\/06\/noves-biblioteques.png\" alt=\"\"><\/a>\n<figcaption>Nuevas bibliotecas<\/figcaption>\n<\/figure>\n<\/figure>\n<\/div>\n<\/div>\n<\/div>\n<\/div>\n<\/div>\n<\/div>\n\n<h3 class=\"wp-block-heading\" id=\"fer-fer-les-idees-tangibles\">HACER: hacer las ideas tangibles<\/h3>\n\n<p>Realizar las ideas tangibles ayuda al aprendizaje. Los Hub Labs, las habitaciones de proyectos, los Innovation Labs, espacios para la fabricaci\u00f3n de prototipos o los Tech Labs son algunos ejemplos.<\/p>\n\n<figure class=\"wp-block-gallery has-nested-images columns-default is-cropped wp-block-gallery-2 is-layout-flex wp-block-gallery-is-layout-flex\">\n<figure class=\"wp-block-image size-large\"><img decoding=\"async\" data-id=\"11611\" class=\"wp-image-11611\" title=\"\" src=\"http:\/\/maieroffice.cat\/wp-content\/uploads\/2022\/06\/espais-collaboratius-1024x687.png\" alt=\"\">\n<figcaption>Espacios colaborativos<\/figcaption>\n<\/figure>\n\n\n\n<figure class=\"wp-block-image size-full\"><a href=\"http:\/\/maieroffice.cat\/wp-content\/uploads\/2022\/06\/innovation-labs.png\"><img decoding=\"async\" data-id=\"11612\" class=\"wp-image-11612\" src=\"http:\/\/maieroffice.cat\/wp-content\/uploads\/2022\/06\/innovation-labs.png\" alt=\"\"><\/a>\n<figcaption>Tech Lab<\/figcaption>\n<\/figure>\n\n\n\n<figure class=\"wp-block-image size-full\"><a href=\"http:\/\/maieroffice.cat\/wp-content\/uploads\/2022\/06\/tech-lab.png\"><img decoding=\"async\" data-id=\"11614\" class=\"wp-image-11614\" src=\"http:\/\/maieroffice.cat\/wp-content\/uploads\/2022\/06\/tech-lab.png\" alt=\"\"><\/a>\n<figcaption>Innovaci\u00f3n Lab<\/figcaption>\n<\/figure>\n<\/figure>\n\n<h3 class=\"wp-block-heading\" id=\"compartir-compartir-informacio-i-recollir-feedback\">COMPARTIR: compartir informaci\u00f3n y recoger feedback<\/h3>\n\n<p>M\u00e1s all\u00e1 del pensar y el hacer, el compartir es poner en com\u00fan los resultados obtenidos. \u00bfCon qui\u00e9n? Con otros alumnos o con la comunidad educativa. Se puede realizar en espacios como Learn Labs, \u00e1reas abiertas, caf\u00e9s, espacios, lounge\u2026<\/p>\n\n<figure class=\"wp-block-gallery has-nested-images columns-default is-cropped wp-block-gallery-3 is-layout-flex wp-block-gallery-is-layout-flex\">\n<figure class=\"wp-block-image size-large\"><a href=\"http:\/\/maieroffice.cat\/wp-content\/uploads\/2022\/06\/espais-digitalitzats.png\"><img decoding=\"async\" data-id=\"11616\" class=\"wp-image-11616\" src=\"http:\/\/maieroffice.cat\/wp-content\/uploads\/2022\/06\/espais-digitalitzats-1024x666.png\" alt=\"\"><\/a>\n<figcaption>Espacios digitalizados<\/figcaption>\n<\/figure>\n\n\n\n<figure class=\"wp-block-image size-large\"><a href=\"http:\/\/maieroffice.cat\/wp-content\/uploads\/2022\/06\/la-placa.png\"><img decoding=\"async\" data-id=\"11618\" class=\"wp-image-11618\" src=\"http:\/\/maieroffice.cat\/wp-content\/uploads\/2022\/06\/la-placa-1024x435.png\" alt=\"\"><\/a>\n<figcaption>La plaza del pueblo<\/figcaption>\n<\/figure>\n\n\n\n<figure class=\"wp-block-image size-large\"><a href=\"http:\/\/maieroffice.cat\/wp-content\/uploads\/2022\/06\/espais-aire-lliure.png\"><img decoding=\"async\" data-id=\"11620\" class=\"wp-image-11620\" src=\"http:\/\/maieroffice.cat\/wp-content\/uploads\/2022\/06\/espais-aire-lliure-1024x627.png\" alt=\"\"><\/a>\n<figcaption>Espacios al aire libre<\/figcaption>\n<\/figure>\n<\/figure>\n\n<p>La educaci\u00f3n ha cambiado y seguir\u00e1 cambiando. En Maieroffice te ofrecemos soluciones reales para aplicar cambios en la forma de educar en tu centro.<\/p>\n","protected":false},"excerpt":{"rendered":"<p>La pandemia del coronavirus ha modificado los h\u00e1bitos de los estudiantes de los centros educativos de Catalu\u00f1a y esto se ha trasladado a las nuevas necesidades de los alumnos en el aula.<\/p>\n","protected":false},"author":1,"featured_media":13587,"comment_status":"open","ping_status":"open","sticky":false,"template":"","format":"standard","meta":{"site-sidebar-layout":"default","site-content-layout":"","ast-site-content-layout":"default","site-content-style":"default","site-sidebar-style":"default","ast-global-header-display":"","ast-banner-title-visibility":"","ast-main-header-display":"","ast-hfb-above-header-display":"","ast-hfb-below-header-display":"","ast-hfb-mobile-header-display":"","site-post-title":"","ast-breadcrumbs-content":"","ast-featured-img":"","footer-sml-layout":"","ast-disable-related-posts":"","theme-transparent-header-meta":"","adv-header-id-meta":"","stick-header-meta":"","header-above-stick-meta":"","header-main-stick-meta":"","header-below-stick-meta":"","astra-migrate-meta-layouts":"default","ast-page-background-enabled":"default","ast-page-background-meta":{"desktop":{"background-color":"var(--ast-global-color-4)","background-image":"","background-repeat":"repeat","background-position":"center center","background-size":"auto","background-attachment":"scroll","background-type":"","background-media":"","overlay-type":"","overlay-color":"","overlay-opacity":"","overlay-gradient":""},"tablet":{"background-color":"","background-image":"","background-repeat":"repeat","background-position":"center center","background-size":"auto","background-attachment":"scroll","background-type":"","background-media":"","overlay-type":"","overlay-color":"","overlay-opacity":"","overlay-gradient":""},"mobile":{"background-color":"","background-image":"","background-repeat":"repeat","background-position":"center center","background-size":"auto","background-attachment":"scroll","background-type":"","background-media":"","overlay-type":"","overlay-color":"","overlay-opacity":"","overlay-gradient":""}},"ast-content-background-meta":{"desktop":{"background-color":"var(--ast-global-color-5)","background-image":"","background-repeat":"repeat","background-position":"center center","background-size":"auto","background-attachment":"scroll","background-type":"","background-media":"","overlay-type":"","overlay-color":"","overlay-opacity":"","overlay-gradient":""},"tablet":{"background-color":"var(--ast-global-color-5)","background-image":"","background-repeat":"repeat","background-position":"center center","background-size":"auto","background-attachment":"scroll","background-type":"","background-media":"","overlay-type":"","overlay-color":"","overlay-opacity":"","overlay-gradient":""},"mobile":{"background-color":"var(--ast-global-color-5)","background-image":"","background-repeat":"repeat","background-position":"center center","background-size":"auto","background-attachment":"scroll","background-type":"","background-media":"","overlay-type":"","overlay-color":"","overlay-opacity":"","overlay-gradient":""}},"footnotes":""},"categories":[443],"tags":[],"class_list":["post-18600","post","type-post","status-publish","format-standard","has-post-thumbnail","hentry","category-interiorismo-y-muebles"],"_links":{"self":[{"href":"https:\/\/maieroffice.cat\/es\/wp-json\/wp\/v2\/posts\/18600","targetHints":{"allow":["GET"]}}],"collection":[{"href":"https:\/\/maieroffice.cat\/es\/wp-json\/wp\/v2\/posts"}],"about":[{"href":"https:\/\/maieroffice.cat\/es\/wp-json\/wp\/v2\/types\/post"}],"author":[{"embeddable":true,"href":"https:\/\/maieroffice.cat\/es\/wp-json\/wp\/v2\/users\/1"}],"replies":[{"embeddable":true,"href":"https:\/\/maieroffice.cat\/es\/wp-json\/wp\/v2\/comments?post=18600"}],"version-history":[{"count":0,"href":"https:\/\/maieroffice.cat\/es\/wp-json\/wp\/v2\/posts\/18600\/revisions"}],"wp:featuredmedia":[{"embeddable":true,"href":"https:\/\/maieroffice.cat\/es\/wp-json\/wp\/v2\/media\/13587"}],"wp:attachment":[{"href":"https:\/\/maieroffice.cat\/es\/wp-json\/wp\/v2\/media?parent=18600"}],"wp:term":[{"taxonomy":"category","embeddable":true,"href":"https:\/\/maieroffice.cat\/es\/wp-json\/wp\/v2\/categories?post=18600"},{"taxonomy":"post_tag","embeddable":true,"href":"https:\/\/maieroffice.cat\/es\/wp-json\/wp\/v2\/tags?post=18600"}],"curies":[{"name":"wp","href":"https:\/\/api.w.org\/{rel}","templated":true}]}}